{"id":1842,"date":"2021-04-08T19:38:38","date_gmt":"2021-04-08T17:38:38","guid":{"rendered":"https:\/\/katsf.es\/?p=1842"},"modified":"2023-03-31T14:46:44","modified_gmt":"2023-03-31T12:46:44","slug":"entrevista-a-vicent-riera-devotion","status":"publish","type":"post","link":"https:\/\/katsf.es\/ca\/entrevista-a-vicent-riera-devotion\/","title":{"rendered":"Entrevista a Vicent Riera (DEVOTION)"},"content":{"rendered":"<p><img loading=\"lazy\" decoding=\"async\" class=\" wp-image-1839 aligncenter\" src=\"https:\/\/katsf.es\/wp-content\/uploads\/2021\/04\/devologo-300x138.jpg\" alt=\"\" width=\"398\" height=\"183\" \/><\/p>\n<p>La banda de Death Metal DEVOTION es va formar a Val\u00e8ncia al 2013, i tot i nom\u00e9s comptar amb dos discs d&#8217;estudi, el seu so i la seua posada en escena els va col\u00b7locar en molt poc de temps al capdavant de l&#8217;escena valenciana del moment. Vicent Riera, vocalista amb molts anys d&#8217;experi\u00e8ncia com a m\u00fasic, ens parlar\u00e0 en primera persona dels seus inicis i sobre DEVOTION en una connexi\u00f3 un tant accidentada per\u00f2 molt interessant.<\/p>\n<p><a href=\"https:\/\/www.youtube.com\/watch?v=deAhks9cw1U\">https:\/\/www.youtube.com\/watch?v=deAhks9cw1U<\/a><\/p>\n","protected":false},"excerpt":{"rendered":"<p>Hui entrevistem al vocalista Vicent Riera, de la banda valenciana DEVOTION. Clikeu al link que teniu a continuaci\u00f3 per a saber qu\u00e8 m&#8217;ha contat!<\/p>\n","protected":false},"author":2,"featured_media":1839,"comment_status":"closed","ping_status":"open","sticky":false,"template":"","format":"standard","meta":{"_et_pb_use_builder":"","_et_pb_old_content":"","_et_gb_content_width":"","footnotes":""},"categories":[37],"tags":[442,526,527,72,454,456,529,50,528],"class_list":["post-1842","post","type-post","status-publish","format-standard","has-post-thumbnail","hentry","category-entrevistes-video","tag-2021-ca","tag-death-ca","tag-devotion-ca","tag-entrevista-ca","tag-kat-sf-ca","tag-metal-ca","tag-nuevo-disco-ca","tag-valencia-ca","tag-vicent-riera-ca"],"yoast_head":"<!-- This site is optimized with the Yoast SEO plugin v28.3 - https:\/\/yoast.com\/product\/yoast-seo-wordpress\/ -->\n<title>Entrevista a Vicent Riera (DEVOTION) - VAL\u00c8NCIA&#039;N&#039;METAL por Kat SF<\/title>\n<meta name=\"description\" content=\"Entrevista a Vicent Riera, vocalista de la banda DEVOTION a c\u00e0rrec de Kat S.F. per a la web Valencia&#039;N&#039;Metal Around the World.\" \/>\n<meta name=\"robots\" content=\"index, follow, max-snippet:-1, max-image-preview:large, max-video-preview:-1\" \/>\n<link rel=\"canonical\" href=\"https:\/\/katsf.es\/ca\/entrevista-a-vicent-riera-devotion\/\" \/>\n<meta property=\"og:locale\" content=\"ca_ES\" \/>\n<meta property=\"og:type\" content=\"article\" \/>\n<meta property=\"og:title\" content=\"Entrevista a Vicent Riera (DEVOTION) - VAL\u00c8NCIA&#039;N&#039;METAL por Kat SF\" \/>\n<meta property=\"og:description\" content=\"Entrevista a Vicent Riera, vocalista de la banda DEVOTION a c\u00e0rrec de Kat S.F. per a la web Valencia&#039;N&#039;Metal Around the World.\" \/>\n<meta property=\"og:url\" content=\"https:\/\/katsf.es\/ca\/entrevista-a-vicent-riera-devotion\/\" \/>\n<meta property=\"og:site_name\" content=\"VAL\u00c8NCIA&#039;N&#039;METAL por Kat SF\" \/>\n<meta property=\"article:published_time\" content=\"2021-04-08T17:38:38+00:00\" \/>\n<meta property=\"article:modified_time\" content=\"2023-03-31T12:46:44+00:00\" \/>\n<meta property=\"og:image\" content=\"https:\/\/katsf.es\/wp-content\/uploads\/2021\/04\/devologo.jpg\" \/>\n\t<meta property=\"og:image:width\" content=\"800\" \/>\n\t<meta property=\"og:image:height\" content=\"369\" \/>\n\t<meta property=\"og:image:type\" content=\"image\/jpeg\" \/>\n<meta name=\"author\" content=\"Kat SF\" \/>\n<meta name=\"twitter:card\" content=\"summary_large_image\" \/>\n<meta name=\"twitter:label1\" content=\"Escrit per\" \/>\n\t<meta name=\"twitter:data1\" content=\"Kat SF\" \/>\n\t<meta name=\"twitter:label2\" content=\"Temps estimat de lectura\" \/>\n\t<meta name=\"twitter:data2\" content=\"1 minut\" \/>\n<script type=\"application\/ld+json\" class=\"yoast-schema-graph\">{\"@context\":\"https:\\\/\\\/schema.org\",\"@graph\":[{\"@type\":\"Article\",\"@id\":\"https:\\\/\\\/katsf.es\\\/ca\\\/entrevista-a-vicent-riera-devotion\\\/#article\",\"isPartOf\":{\"@id\":\"https:\\\/\\\/katsf.es\\\/ca\\\/entrevista-a-vicent-riera-devotion\\\/\"},\"author\":{\"name\":\"Kat SF\",\"@id\":\"https:\\\/\\\/katsf.es\\\/ca\\\/#\\\/schema\\\/person\\\/ae87ba84066f0d2230e0d5cbf3d3600d\"},\"headline\":\"Entrevista a Vicent Riera (DEVOTION)\",\"datePublished\":\"2021-04-08T17:38:38+00:00\",\"dateModified\":\"2023-03-31T12:46:44+00:00\",\"mainEntityOfPage\":{\"@id\":\"https:\\\/\\\/katsf.es\\\/ca\\\/entrevista-a-vicent-riera-devotion\\\/\"},\"wordCount\":97,\"image\":{\"@id\":\"https:\\\/\\\/katsf.es\\\/ca\\\/entrevista-a-vicent-riera-devotion\\\/#primaryimage\"},\"thumbnailUrl\":\"https:\\\/\\\/katsf.es\\\/wp-content\\\/uploads\\\/2021\\\/04\\\/devologo.jpg\",\"keywords\":[\"2021\",\"death\",\"devotion\",\"entrevista\",\"kat sf\",\"metal\",\"nuevo disco\",\"Valencia\",\"vicent riera\"],\"articleSection\":[\"Entrevistes V\u00eddeo\"],\"inLanguage\":\"ca\"},{\"@type\":\"WebPage\",\"@id\":\"https:\\\/\\\/katsf.es\\\/ca\\\/entrevista-a-vicent-riera-devotion\\\/\",\"url\":\"https:\\\/\\\/katsf.es\\\/ca\\\/entrevista-a-vicent-riera-devotion\\\/\",\"name\":\"Entrevista a Vicent Riera (DEVOTION) - VAL\u00c8NCIA&#039;N&#039;METAL por Kat SF\",\"isPartOf\":{\"@id\":\"https:\\\/\\\/katsf.es\\\/ca\\\/#website\"},\"primaryImageOfPage\":{\"@id\":\"https:\\\/\\\/katsf.es\\\/ca\\\/entrevista-a-vicent-riera-devotion\\\/#primaryimage\"},\"image\":{\"@id\":\"https:\\\/\\\/katsf.es\\\/ca\\\/entrevista-a-vicent-riera-devotion\\\/#primaryimage\"},\"thumbnailUrl\":\"https:\\\/\\\/katsf.es\\\/wp-content\\\/uploads\\\/2021\\\/04\\\/devologo.jpg\",\"datePublished\":\"2021-04-08T17:38:38+00:00\",\"dateModified\":\"2023-03-31T12:46:44+00:00\",\"author\":{\"@id\":\"https:\\\/\\\/katsf.es\\\/ca\\\/#\\\/schema\\\/person\\\/ae87ba84066f0d2230e0d5cbf3d3600d\"},\"description\":\"Entrevista a Vicent Riera, vocalista de la banda DEVOTION a c\u00e0rrec de Kat S.F. per a la web Valencia'N'Metal Around the World.\",\"breadcrumb\":{\"@id\":\"https:\\\/\\\/katsf.es\\\/ca\\\/entrevista-a-vicent-riera-devotion\\\/#breadcrumb\"},\"inLanguage\":\"ca\",\"potentialAction\":[{\"@type\":\"ReadAction\",\"target\":[\"https:\\\/\\\/katsf.es\\\/ca\\\/entrevista-a-vicent-riera-devotion\\\/\"]}]},{\"@type\":\"ImageObject\",\"inLanguage\":\"ca\",\"@id\":\"https:\\\/\\\/katsf.es\\\/ca\\\/entrevista-a-vicent-riera-devotion\\\/#primaryimage\",\"url\":\"https:\\\/\\\/katsf.es\\\/wp-content\\\/uploads\\\/2021\\\/04\\\/devologo.jpg\",\"contentUrl\":\"https:\\\/\\\/katsf.es\\\/wp-content\\\/uploads\\\/2021\\\/04\\\/devologo.jpg\",\"width\":800,\"height\":369},{\"@type\":\"BreadcrumbList\",\"@id\":\"https:\\\/\\\/katsf.es\\\/ca\\\/entrevista-a-vicent-riera-devotion\\\/#breadcrumb\",\"itemListElement\":[{\"@type\":\"ListItem\",\"position\":1,\"name\":\"Portada\",\"item\":\"https:\\\/\\\/katsf.es\\\/ca\\\/\"},{\"@type\":\"ListItem\",\"position\":2,\"name\":\"Entrevista a Vicent Riera (DEVOTION)\"}]},{\"@type\":\"WebSite\",\"@id\":\"https:\\\/\\\/katsf.es\\\/ca\\\/#website\",\"url\":\"https:\\\/\\\/katsf.es\\\/ca\\\/\",\"name\":\"VAL\u00c8NCIA&#039;N&#039;METAL por Kat SF\",\"description\":\"entrevistas l\u00edderes y profesionales del campo musical\",\"potentialAction\":[{\"@type\":\"SearchAction\",\"target\":{\"@type\":\"EntryPoint\",\"urlTemplate\":\"https:\\\/\\\/katsf.es\\\/ca\\\/?s={search_term_string}\"},\"query-input\":{\"@type\":\"PropertyValueSpecification\",\"valueRequired\":true,\"valueName\":\"search_term_string\"}}],\"inLanguage\":\"ca\"},{\"@type\":\"Person\",\"@id\":\"https:\\\/\\\/katsf.es\\\/ca\\\/#\\\/schema\\\/person\\\/ae87ba84066f0d2230e0d5cbf3d3600d\",\"name\":\"Kat SF\",\"image\":{\"@type\":\"ImageObject\",\"inLanguage\":\"ca\",\"@id\":\"https:\\\/\\\/secure.gravatar.com\\\/avatar\\\/1c9ffa80d9da8dfa7be1bd38f3a50e6db4e4c328bd5c984ac5a4c2d3486a11c2?s=96&d=mm&r=g\",\"url\":\"https:\\\/\\\/secure.gravatar.com\\\/avatar\\\/1c9ffa80d9da8dfa7be1bd38f3a50e6db4e4c328bd5c984ac5a4c2d3486a11c2?s=96&d=mm&r=g\",\"contentUrl\":\"https:\\\/\\\/secure.gravatar.com\\\/avatar\\\/1c9ffa80d9da8dfa7be1bd38f3a50e6db4e4c328bd5c984ac5a4c2d3486a11c2?s=96&d=mm&r=g\",\"caption\":\"Kat SF\"},\"url\":\"https:\\\/\\\/katsf.es\\\/ca\\\/author\\\/kath-es-fusgmail-com\\\/\"}]}<\/script>\n<!-- \/ Yoast SEO plugin. -->","yoast_head_json":{"title":"Entrevista a Vicent Riera (DEVOTION) - VAL\u00c8NCIA&#039;N&#039;METAL por Kat SF","description":"Entrevista a Vicent Riera, vocalista de la banda DEVOTION a c\u00e0rrec de Kat S.F. per a la web Valencia'N'Metal Around the World.","robots":{"index":"index","follow":"follow","max-snippet":"max-snippet:-1","max-image-preview":"max-image-preview:large","max-video-preview":"max-video-preview:-1"},"canonical":"https:\/\/katsf.es\/ca\/entrevista-a-vicent-riera-devotion\/","og_locale":"ca_ES","og_type":"article","og_title":"Entrevista a Vicent Riera (DEVOTION) - VAL\u00c8NCIA&#039;N&#039;METAL por Kat SF","og_description":"Entrevista a Vicent Riera, vocalista de la banda DEVOTION a c\u00e0rrec de Kat S.F. per a la web Valencia'N'Metal Around the World.","og_url":"https:\/\/katsf.es\/ca\/entrevista-a-vicent-riera-devotion\/","og_site_name":"VAL\u00c8NCIA&#039;N&#039;METAL por Kat SF","article_published_time":"2021-04-08T17:38:38+00:00","article_modified_time":"2023-03-31T12:46:44+00:00","og_image":[{"width":800,"height":369,"url":"https:\/\/katsf.es\/wp-content\/uploads\/2021\/04\/devologo.jpg","type":"image\/jpeg"}],"author":"Kat SF","twitter_card":"summary_large_image","twitter_misc":{"Escrit per":"Kat SF","Temps estimat de lectura":"1 minut"},"schema":{"@context":"https:\/\/schema.org","@graph":[{"@type":"Article","@id":"https:\/\/katsf.es\/ca\/entrevista-a-vicent-riera-devotion\/#article","isPartOf":{"@id":"https:\/\/katsf.es\/ca\/entrevista-a-vicent-riera-devotion\/"},"author":{"name":"Kat SF","@id":"https:\/\/katsf.es\/ca\/#\/schema\/person\/ae87ba84066f0d2230e0d5cbf3d3600d"},"headline":"Entrevista a Vicent Riera (DEVOTION)","datePublished":"2021-04-08T17:38:38+00:00","dateModified":"2023-03-31T12:46:44+00:00","mainEntityOfPage":{"@id":"https:\/\/katsf.es\/ca\/entrevista-a-vicent-riera-devotion\/"},"wordCount":97,"image":{"@id":"https:\/\/katsf.es\/ca\/entrevista-a-vicent-riera-devotion\/#primaryimage"},"thumbnailUrl":"https:\/\/katsf.es\/wp-content\/uploads\/2021\/04\/devologo.jpg","keywords":["2021","death","devotion","entrevista","kat sf","metal","nuevo disco","Valencia","vicent riera"],"articleSection":["Entrevistes V\u00eddeo"],"inLanguage":"ca"},{"@type":"WebPage","@id":"https:\/\/katsf.es\/ca\/entrevista-a-vicent-riera-devotion\/","url":"https:\/\/katsf.es\/ca\/entrevista-a-vicent-riera-devotion\/","name":"Entrevista a Vicent Riera (DEVOTION) - VAL\u00c8NCIA&#039;N&#039;METAL por Kat SF","isPartOf":{"@id":"https:\/\/katsf.es\/ca\/#website"},"primaryImageOfPage":{"@id":"https:\/\/katsf.es\/ca\/entrevista-a-vicent-riera-devotion\/#primaryimage"},"image":{"@id":"https:\/\/katsf.es\/ca\/entrevista-a-vicent-riera-devotion\/#primaryimage"},"thumbnailUrl":"https:\/\/katsf.es\/wp-content\/uploads\/2021\/04\/devologo.jpg","datePublished":"2021-04-08T17:38:38+00:00","dateModified":"2023-03-31T12:46:44+00:00","author":{"@id":"https:\/\/katsf.es\/ca\/#\/schema\/person\/ae87ba84066f0d2230e0d5cbf3d3600d"},"description":"Entrevista a Vicent Riera, vocalista de la banda DEVOTION a c\u00e0rrec de Kat S.F. per a la web Valencia'N'Metal Around the World.","breadcrumb":{"@id":"https:\/\/katsf.es\/ca\/entrevista-a-vicent-riera-devotion\/#breadcrumb"},"inLanguage":"ca","potentialAction":[{"@type":"ReadAction","target":["https:\/\/katsf.es\/ca\/entrevista-a-vicent-riera-devotion\/"]}]},{"@type":"ImageObject","inLanguage":"ca","@id":"https:\/\/katsf.es\/ca\/entrevista-a-vicent-riera-devotion\/#primaryimage","url":"https:\/\/katsf.es\/wp-content\/uploads\/2021\/04\/devologo.jpg","contentUrl":"https:\/\/katsf.es\/wp-content\/uploads\/2021\/04\/devologo.jpg","width":800,"height":369},{"@type":"BreadcrumbList","@id":"https:\/\/katsf.es\/ca\/entrevista-a-vicent-riera-devotion\/#breadcrumb","itemListElement":[{"@type":"ListItem","position":1,"name":"Portada","item":"https:\/\/katsf.es\/ca\/"},{"@type":"ListItem","position":2,"name":"Entrevista a Vicent Riera (DEVOTION)"}]},{"@type":"WebSite","@id":"https:\/\/katsf.es\/ca\/#website","url":"https:\/\/katsf.es\/ca\/","name":"VAL\u00c8NCIA&#039;N&#039;METAL por Kat SF","description":"entrevistas l\u00edderes y profesionales del campo musical","potentialAction":[{"@type":"SearchAction","target":{"@type":"EntryPoint","urlTemplate":"https:\/\/katsf.es\/ca\/?s={search_term_string}"},"query-input":{"@type":"PropertyValueSpecification","valueRequired":true,"valueName":"search_term_string"}}],"inLanguage":"ca"},{"@type":"Person","@id":"https:\/\/katsf.es\/ca\/#\/schema\/person\/ae87ba84066f0d2230e0d5cbf3d3600d","name":"Kat SF","image":{"@type":"ImageObject","inLanguage":"ca","@id":"https:\/\/secure.gravatar.com\/avatar\/1c9ffa80d9da8dfa7be1bd38f3a50e6db4e4c328bd5c984ac5a4c2d3486a11c2?s=96&d=mm&r=g","url":"https:\/\/secure.gravatar.com\/avatar\/1c9ffa80d9da8dfa7be1bd38f3a50e6db4e4c328bd5c984ac5a4c2d3486a11c2?s=96&d=mm&r=g","contentUrl":"https:\/\/secure.gravatar.com\/avatar\/1c9ffa80d9da8dfa7be1bd38f3a50e6db4e4c328bd5c984ac5a4c2d3486a11c2?s=96&d=mm&r=g","caption":"Kat SF"},"url":"https:\/\/katsf.es\/ca\/author\/kath-es-fusgmail-com\/"}]}},"_links":{"self":[{"href":"https:\/\/katsf.es\/ca\/wp-json\/wp\/v2\/posts\/1842","targetHints":{"allow":["GET"]}}],"collection":[{"href":"https:\/\/katsf.es\/ca\/wp-json\/wp\/v2\/posts"}],"about":[{"href":"https:\/\/katsf.es\/ca\/wp-json\/wp\/v2\/types\/post"}],"author":[{"embeddable":true,"href":"https:\/\/katsf.es\/ca\/wp-json\/wp\/v2\/users\/2"}],"replies":[{"embeddable":true,"href":"https:\/\/katsf.es\/ca\/wp-json\/wp\/v2\/comments?post=1842"}],"version-history":[{"count":2,"href":"https:\/\/katsf.es\/ca\/wp-json\/wp\/v2\/posts\/1842\/revisions"}],"predecessor-version":[{"id":1844,"href":"https:\/\/katsf.es\/ca\/wp-json\/wp\/v2\/posts\/1842\/revisions\/1844"}],"wp:featuredmedia":[{"embeddable":true,"href":"https:\/\/katsf.es\/ca\/wp-json\/wp\/v2\/media\/1839"}],"wp:attachment":[{"href":"https:\/\/katsf.es\/ca\/wp-json\/wp\/v2\/media?parent=1842"}],"wp:term":[{"taxonomy":"category","embeddable":true,"href":"https:\/\/katsf.es\/ca\/wp-json\/wp\/v2\/categories?post=1842"},{"taxonomy":"post_tag","embeddable":true,"href":"https:\/\/katsf.es\/ca\/wp-json\/wp\/v2\/tags?post=1842"}],"curies":[{"name":"wp","href":"https:\/\/api.w.org\/{rel}","templated":true}]}}