{"id":2245,"date":"2021-11-18T15:54:29","date_gmt":"2021-11-18T14:54:29","guid":{"rendered":"https:\/\/katsf.es\/?p=2245"},"modified":"2023-03-31T14:46:15","modified_gmt":"2023-03-31T12:46:15","slug":"entrevista-a-jordi-war-heads-el-kaso-urkijo","status":"publish","type":"post","link":"https:\/\/katsf.es\/ca\/entrevista-a-jordi-war-heads-el-kaso-urkijo\/","title":{"rendered":"ENTREVISTA A JORDI WAR HEADS (EL KASO URKIJO)"},"content":{"rendered":"<p><img loading=\"lazy\" decoding=\"async\" class=\"alignnone wp-image-2249 aligncenter\" src=\"https:\/\/katsf.es\/wp-content\/uploads\/2021\/11\/242424389_177679407839003_600919732771650197_n-212x300.jpg\" alt=\"\" width=\"226\" height=\"319\" \/><\/p>\n<p><span style=\"color: #000000;\">No \u00e9s cap secret que una de les escenes que sempre ha gaudit de m\u00e9s bona salut a dins del territori espanyol ha sigut la Grind i les seues aliances amb el Gore i tots els descendents que han tingut. Per\u00f2 si mirem en concret l\u2019escena Grind catalana, ens trobem que <strong>El Kaso Urkijo<\/strong> continua sent a hores d\u2019ara la banda grinder amb m\u00e9s c\u00e0rrega d\u2019edicions musicals editades entre demos, discs d\u2019estudi, directes, Ep\u2019s i Splits. Aix\u00ed doncs, tenint en compte que el seu darrer disc d\u2019estudi data de 2018 (<em>S\u00e9 Rico o Muere<\/em>) i que la seua \u00faltima publicaci\u00f3 fou el Ep <em>Quinquis de los 80<\/em> de 2019; que EKU edite el proper any un recull de tota l\u2019historia musical dels catalans batejat amb el nom de <em>Chatarrero Sessions<\/em>, \u00e9s una excusa m\u00e9s que v\u00e0lida per a que em pose en contacte amb el seu bateria i fundador i \u00fanic membre des dels inicis <strong>Jordi War Heads<\/strong> per a que ens conte sobre l\u2019estat de la banda, quins plans de futur tenen i el per qu\u00e8 d\u2019aquest disc.<\/span><\/p>\n<p><img loading=\"lazy\" decoding=\"async\" class=\" wp-image-2252 alignleft\" src=\"https:\/\/katsf.es\/wp-content\/uploads\/2021\/11\/242299824_6829770683715570_3405510048104197235_n-300x219.jpg\" alt=\"\" width=\"319\" height=\"233\" \/><\/p>\n<p><span style=\"color: #000000;\"><strong><em>Kat: Hola Jordi, un plaer poder comptar amb tu per al meu portal VAL\u00c8NCIA\u2019N\u2019METAL AROUND THE WORLD.<\/em><\/strong><\/span><\/p>\n<p><span style=\"color: #000000;\">Jordi: Hola Kat, el plaer tamb\u00e9 \u00e9s meu, una forta abra\u00e7ada i suport a tota l&#8217;escena Valenciana!<\/span><\/p>\n<p><span style=\"color: #000000;\">Per cert, vaig estar per motius de feina un temps vivint a Mislata, en un pis entre l\u2019Avinguda del Cid i Xirivella, entre anades i vingudes a Barcelona. Aix\u00f2 poca gent ho sap perqu\u00e8 a la meva vida privada s\u00f3c molt reservat. Conec molt b\u00e9 Val\u00e8ncia i els voltants. <\/span><span style=\"color: #000000;\">Va ser una \u00e8poca molt molt grinder jajajaa!!.<\/span><\/p>\n<p><span style=\"color: #000000;\"><strong><em>K: Vaja! Doncs ha sigut tota una exclusiva. M\u2019alegre que estigueres a gust a la meua terra. Si et sembla b\u00e9, entrem en mat\u00e8ria. El Kaso Urkijo \u00e9s una banda que per a qui els haja vist en directe alguna vegada, sap que el seu so \u00e9s molt cru, potent i amb molta canya. No \u00e9s un secret per tant adonar-se\u2019n que el pes de les composicions el portes tu a les baquetes i als parxes. Com no \u00e9s un instrument que siga f\u00e0cil de dur principalment per les dimensions que t\u00e9, com foren els teus inicis com a bateria? Qu\u00e8 varen dir en ta casa quan digueres que volies ser bateria? Pertanys a l\u2019escola dels autodidactes o has arribat a rebre formaci\u00f3 musical?<\/em><\/strong><\/span><\/p>\n<p><span style=\"color: #000000;\">J: De petit vivia en una casa amb pati i agafava quatre galledes de la meva mare, pots i tota mena d\u2019artefactes i all\u00e0 em muntava una bateria. Posava antigues bandes dels \u201870 i \u201880.<\/span><\/p>\n<p><span style=\"color: #000000;\">Passava hores somiant mentre colpejava. Volia ser bateria com els d\u2019aquells grups que m\u2019hipnotitzaven. La gent que apr\u00e8n a escoles tots toquen igual, amb la personalitat del mestre, no tenen la seva pr\u00f2pia a l\u2019hora d\u2019aporrar i aix\u00f2 es nota, i per aix\u00f2 entre altres coses hi ha tantes bandes que semblen iguals, manca de personalitat que no aporten res de nou.<\/span><\/p>\n<p><span style=\"color: #000000;\">Vaig aprendre molt fixant-me quan veia altres grups en directe, bandes Punk, Heavy i Hardcore dels \u201880. La meva primera bateria la vaig comprar amb el primer salari que vaig rebre a la meva vida, els meus pares en aquells temps no ho van entendre. Vinc d\u2019una fam\u00edlia molt humil, i per a ells hi havia altres prioritats. Aquesta \u00e9s una mica la hist\u00f2ria dels meus comen\u00e7aments, i fins ara evolucionant, per\u00f2 fins a un cert punt, perqu\u00e8 la m\u00fasica que m\u2019agrada i com jo l\u2019entenc no necessita gaires floritures ni mamarratxades, quan m\u00e9s directe i burro molt millor.<\/span><\/p>\n<p><span style=\"color: #000000;\">La meva vida sempre ha estat vinculada entre concerts i locals d\u2019assaig, totalment anal\u00f2gica, s\u00f3c 100% autodidacta i a m\u00e9s esquerr\u00e0. Vaig aprendre a tocar la bateria com un dret\u00e0 perqu\u00e8 per a un esquerr\u00e0 est\u00e0 tot del rev\u00e9s, per aix\u00f2 crec que tinc un estil peculiar <em>old grinder<\/em>.<\/span><\/p>\n<p><span style=\"color: #000000;\"><strong><em>K: EL KASO URKIJO es va formar a l\u2019any 1987 a Viladecans, i de tots els que v\u00e0reu comen\u00e7ar la banda amb la alineaci\u00f3 cl\u00e0ssica de bateria-guitarra-baix-cantant, nom\u00e9s tu quedes com a membre original. Actualment heu incorporat un altre guitarra a les vostres files, Marc \u2018Rey Cachopo\u2019. Qu\u00e8 us va moure a prendre esta decisi\u00f3 precisament ara?<\/em><\/strong><\/span><\/p>\n<p><span style=\"color: #000000;\">J: Carbonizado (guitarra) durant un temps va haver de deixar de venir als assaigs, i nosaltres com sempre, hav\u00edem de seguir amb l\u2019activitat de la banda. Em vaig posar en contacte amb el Rey Cachopo i va accedir a incorporar-se al <strong>El Kaso Urkijo<\/strong>, i vam continuar amb els assaigs fins que va tornar Carbonizado i ara per aix\u00f2 som 5. Vam tenir molta feina despr\u00e9s per adaptar can\u00e7ons cl\u00e0ssiques per a dues guitarres. Per\u00f2 despr\u00e9s va venir la pand\u00e8mia i ens va fotre els plans com a tothom suposo. Cachopo encara no ha pogut debutar en directe, espero que per al proper any ho pugui fer i llavors farem una gran festa de presentaci\u00f3 amb Cachopo incl\u00f2s (rialles)<\/span><\/p>\n<p><img loading=\"lazy\" decoding=\"async\" class=\"size-medium wp-image-2255 alignright\" src=\"https:\/\/katsf.es\/wp-content\/uploads\/2021\/11\/Sense-titosalf-300x296.jpg\" alt=\"\" width=\"300\" height=\"296\" \/><\/p>\n<p><span style=\"color: #000000;\"><strong><em>K: Doncs ser\u00e0 tot un espectacle gaudir del vostre so amb dos guitarres. El vostre darrer disc d\u2019estudi es va editar al 2018 sota el nom de S\u00e9 Rico o Muere. La edici\u00f3 Chatarrero Sessions que \u00e9s un recull dels vostres temes m\u00e9s emblem\u00e0tics, es tenia prevista per a aquest mes de novembre. Qu\u00e8 us ha mogut a preparar aquest \u2018Greatest Hits\u2019?<\/em><\/strong><\/span><\/p>\n<p><span style=\"color: #000000;\">J: El <em>Chatarrero<\/em> \u00e9s com una mena d\u2019homenatge a nosaltres mateixos i la hist\u00f2ria de la banda en totes les seves \u00e8poques, ens venia de gust fer-ho, per\u00f2 aquesta vegada amb tots els instruments gravats a l\u2019hora i de manera anal\u00f2gica, com f\u00e8iem als nostres comen\u00e7aments. Finalment t\u00e9 31 temes de pur grindcore Urkijiano, un just rep\u00e0s a la hist\u00f2ria i esperit de la banda.<\/span><\/p>\n<p><span style=\"color: #000000;\"><strong><em>K: Ja que has comentat el tema del so, \u00e9s a dir, que Chatarrero Sessions est\u00e0 gravat amb tots els instruments tocats a l\u2019hora, de forma anal\u00f2gica. Em pots explicar doncs, quina difer\u00e8ncia li atorga aquest fet al so respecte als anteriors discs?<\/em><\/strong><\/span><\/p>\n<p><span style=\"color: #000000;\">J: Al Chatarrero simplement busquem el nostre so m\u00e9s real directe i primitiu, quan graves les can\u00e7ons amb els instruments separats no aconsegueixes el mateix efecte. Busc\u00e0vem fer alguna cosa diferent dels anteriors, fer-ho tot el m\u00e9s real i directe possible, com als concerts o als assajos i plasmar aquesta energia amb tots els instruments gravats alhora amb tots els acoblaments i sorolls que es colen en els directes i cullons com moooolaa (rialles).<\/span><\/p>\n<p><img loading=\"lazy\" decoding=\"async\" class=\"size-medium wp-image-2258 alignleft\" src=\"https:\/\/katsf.es\/wp-content\/uploads\/2021\/11\/Sense-titol-300x300.jpg\" alt=\"\" width=\"300\" height=\"300\" \/><\/p>\n<p><span style=\"color: #000000;\"><strong><em>K: Ja veig. La veritat \u00e9s que de vegades el so es tracta tant que desvirtua el veritable so, valga la redund\u00e0ncia, de la banda en q\u00fcesti\u00f3. I a tot a\u00e7\u00f2, sabeu ja la data exacta d\u2019eixida? L\u2019editareu en format f\u00edsic i disponible en tenda, nom\u00e9s en digital i allotjat en plataformes de desc\u00e0rrega o de les dues maneres?<\/em><\/strong><\/span><\/p>\n<p><span style=\"color: #000000;\">J: El format f\u00edsic ser\u00e0 nom\u00e9s en disc de vinil, en format digital es podr\u00e0 descarregar a trav\u00e9s del nostre band camp i tamb\u00e9 el pujarem a YouTube per a qui vulgui escoltar-lo des de qualsevol lloc. Ho esper\u00e0vem per al novembre, per\u00f2 a la f\u00e0brica ens han dit que van amb retard perqu\u00e8 el vinil s\u2019ha tornat a posar de moda i tenen moltes comandes i van desbordats de feina. Per tant s\u2019endarrerir\u00e0 un parell de mesos m\u00e9s. Suposo que per a molt tard sortir\u00e0 al gener.<\/span><\/p>\n<p><span style=\"color: #000000;\"><strong><em>K: En el teu pensament particular Jordi, les plataformes digitals ajuden m\u00e9s a la difusi\u00f3 de la m\u00fasica o ets dels que considera que el format cl\u00e0ssic sempre \u00e9s millor?<\/em><\/strong><\/span><\/p>\n<p><span style=\"color: #000000;\">J: Ser a casa, agafar-te un disc i posar-te\u2019l, veure la portada, l\u2019interior i gaudir-lo mentre l\u2019escoltes \u00e9s incomparable a qualsevol format digital que et puguis descarregar. Per moltes coses que et descarreguis no \u00e9s el mateix. Jo personalment durant tota la meva vida, porto col\u00b7leccionant discos i cassets, tamb\u00e9 CDs clar i penso que no hi ha res comparable al format f\u00edsic, sobretot si t\u2019agrada la m\u00fasica de veritat, i per descomptat \u00e9s la millor manera de donar suport a les bandes. El digital est\u00e0 b\u00e9 perqu\u00e8 et poden escoltar a tot arreu, per\u00f2 si t\u2019agrada la m\u00fasica de deb\u00f2 intenta aconseguir-ho en f\u00edsic. Personalment no m\u2019agraden les plataformes digitals on pots escoltar m\u00fasica o descarregar-la, si depengu\u00e9s de mi, tota aquesta merda no existiria, per\u00f2 som a l&#8217;era mil\u00b7lenial i cal fotre\u2019s.<\/span><\/p>\n<p><span style=\"color: #000000;\"><strong><em>K: Estic d\u2019acord en tu en que com el format f\u00edsic sempre \u00e9s millor, i per tant m\u00e9s car, per la qual cosa moltes bandes opten per les altres opcions. S\u00f3n formes diferents de difondre\u2019s. A Chatarrero Sessions podem trobar la inclusi\u00f3 d\u2019un tema nou anomenat \u2018El Rey del Cachopo era Vegano\u2019. Teniu m\u00e9s temes nous preparats o esteu en ple proc\u00e9s de composici\u00f3?<\/em><\/strong><\/span><\/p>\n<p><span style=\"color: #000000;\">J:Som una banda 100% f\u00edsica i la nostra vida sempre gira al voltant del local d&#8217;assaig. Sempre estem en per\u00edode de composici\u00f3. Tenim 25 temes nous acabats per al nostre proper disc que esperem comen\u00e7ar a gravar-lo el proper any.<\/span><\/p>\n<p><img loading=\"lazy\" decoding=\"async\" class=\"alignnone wp-image-2261 aligncenter\" src=\"https:\/\/katsf.es\/wp-content\/uploads\/2021\/11\/morir-asco-300x203.jpg\" alt=\"\" width=\"432\" height=\"293\" \/><\/p>\n<p><span style=\"color: #000000;\"><strong><em>K: Aix\u00f2 \u00e9s una gran not\u00edcia! I ja que hem tret el tema de les composicions, sempre m\u2019he preguntat com prepareu els temes que s\u2019inspiren en successos que normalment formen part de la Cr\u00f2nica Negra Criminal d\u2019Espanya: llegiu el peri\u00f2dic buscant not\u00edcies escabroses o amplifiqueu algun detall d\u2019alguna noticia en concret per a crear la can\u00e7\u00f3?<\/em><\/strong><\/span><\/p>\n<p><span style=\"color: #000000;\">J: Tot el que passa al m\u00f3n ens inspira a l\u2019hora de compondre, sobretot les not\u00edcies bizarres i escabroses de l\u2019Espanya negra, nosaltres simplement ho portem al nostre terreny i ho adaptem a les nostres melodies. Cada dia passen coses i arriben not\u00edcies realment macabres i surrealistes, per a nosaltres \u00e9s la primera font d\u2019inspiraci\u00f3, ens encanta l\u2019humor negre. La majoria de les nostres can\u00e7ons s\u00f3n t\u00edtols reals que veiem cada dia a la premsa, i aix\u00f2 \u00e9s una font inesgotable per continuar creant sense parar. Traiem suc a tot aix\u00f2, d\u2019algunes not\u00edcies ens centrem en parts concretes per crear les lletres i tamb\u00e9 en altres modifiquem algunes coses per adaptar-les millor. Encara que la majoria de t\u00edtols els traiem de not\u00edcies, tamb\u00e9 tenim moltes can\u00e7ons que ens han inspirat altres coses per crear-les.<\/span><\/p>\n<p><span style=\"color: #000000;\"><strong><em>K: I els t\u00edtols s\u00f3n invenci\u00f3 vostra? Perqu\u00e8 estan escrits com si foren un titular period\u00edstic.<\/em><\/strong><\/span><\/p>\n<p><span style=\"color: #000000;\">J: La majoria s\u00f3n invenci\u00f3 nostra perqu\u00e8 ho tunejem una mica, per\u00f2 el fons de la lletra d\u2019on ha sortit \u00e9s totalment real.<\/span><\/p>\n<p><span style=\"color: #000000;\"><strong><em>K: Tot i qu\u00e8 \u00e9s una pregunta molt manida perqu\u00e8 ja no \u00e9s novetat, el fet del par\u00f3 obligatori per la pand\u00e8mia a tots els sectors i en especial a les activitats culturals i per extensi\u00f3 a la m\u00fasica en viu, us ha perm\u00e8s centrar-vos m\u00e9s a l\u2019hora de compondre els temes o no ho ha alterat gens?<\/em><\/strong><\/span><\/p>\n<p><span style=\"color: #000000;\">J: Jo crec que l\u00f2gicament ens ha afectat com a tothom, per\u00f2 som una banda molt activa respecte als assajos i les composicions i en aquest terme no ens ha afectat gaire, encara que tenim molta ganota de tornar als directes a m\u00e0xim volum.<\/span><\/p>\n<p><img loading=\"lazy\" decoding=\"async\" class=\"alignnone wp-image-2264 alignright\" src=\"https:\/\/katsf.es\/wp-content\/uploads\/2021\/11\/Sense-titoBNl-239x300.jpg\" alt=\"\" width=\"257\" height=\"323\" \/><\/p>\n<p><span style=\"color: #000000;\"><strong><em>K: A Val\u00e8ncia, quan les restriccions varen comen\u00e7ar a al\u00e7ar-se, el sector dels pubs dedicats a la m\u00fasica en directe, han sigut els darrers en tornar a posar-se en marxa. Com a sigut aquesta situaci\u00f3 en particular a Catalunya? Creus que el govern, o millor dit, el ministeri de cultura ha afavorit en primer lloc a les m\u00fasiques de massificaci\u00f3 i a les discoteques deixant als m\u00fasics i bandes \u2018minorit\u00e0ries\u2019 completament apartades de la primera fase de recuperaci\u00f3 per la seua poca repercussi\u00f3 econ\u00f2mica?<\/em><\/strong><\/span><\/p>\n<p><span style=\"color: #000000;\">J: S\u00ed, aix\u00f2 \u00e9s clar, aix\u00f2 ha passat a totes les ciutats&#8230; SE RICO O MUERE.<\/span><\/p>\n<p><span style=\"color: #000000;\"><strong><em>K: I en la teua m\u00e9s sincera opini\u00f3, penses que aquesta situaci\u00f3 pot haver provocat que algunes bandes hagen abandonat m\u00e9s prompte el circu\u00eft under desencantats per tot el que estava passant? Com a banda en actiu durant tants anys i a dins d\u2019una escena tant complicada com \u00e9s la extrema, us va passar pel cap que a\u00e7\u00f2 ja no retornaria mai als inicis prepand\u00e8mia o que les restriccions matarien el panorama under?<\/em><\/strong><\/span><\/p>\n<p><span style=\"color: #000000;\">J: Crec que la pand\u00e8mia ha tornat m\u00e9s boja la gent del que abans ja hi era. S\u00f3c dels que pensa que sempre cal continuar endavant passi el que passi. Sempre hi haur\u00e0 escena, sempre hi haur\u00e0 l\u2019under, per\u00f2 hi ha persones m\u00e9s febles que altres i tenen tend\u00e8ncia a deprimir-se i llen\u00e7ar la tovallola, \u00e9s m\u00e9s aviat q\u00fcesti\u00f3 de mentalitat. Nosaltres seguirem fins que el nostre cos ens ho permeti i no perqu\u00e8 ens ho diguin unes lleis, situacions o la societat.<\/span><\/p>\n<p><span style=\"color: #000000;\"><strong><em>K: Encara que pot ser prompte per a pensar-ho, us han oferit ja tocar en algun lloc o esteu mirant com es desenvolupa tot?<\/em><\/strong><\/span><\/p>\n<p><span style=\"color: #000000;\">J: Podr\u00edem haver fet uns quants concerts, per\u00f2 amb massa restriccions i la gent asseguda. No trobo sentit a aix\u00f2, anar a un concert no \u00e9s quedar-te assegut en una cadira, \u00e9s tot el contrari. Estem esperant ha vore com es desenvolupa aix\u00f2 del justificant de vacunaci\u00f3 per entrar a les sales i que escampi tot una mica, suposo que per a l\u2019any que ve ser\u00e0 tot m\u00e9s normal a la vida de tots nosaltres i puguem acudir a les sales i locals amb tota la naturalitat d\u2019abans. Per\u00f2 de moment no crec que valgui la pena fer bolos, almenys per aqu\u00ed.<\/span><\/p>\n<p><img loading=\"lazy\" decoding=\"async\" class=\" wp-image-2267 alignleft\" src=\"https:\/\/katsf.es\/wp-content\/uploads\/2021\/11\/242361897_814581035883499_575267345479881882_n-300x200.jpg\" alt=\"\" width=\"357\" height=\"238\" \/><\/p>\n<p><span style=\"color: #000000;\"><strong><em>K: Si vols afegir alguna cosa m\u00e9s, ara \u00e9s el moment.<\/em><\/strong><\/span><\/p>\n<p><span style=\"color: #000000;\">J: Donar-vos les gr\u00e0cies a tots els que heu donat suport a <strong>El Kaso Urkijo<\/strong> durant tots aquests anys. Sempre cal continuar endavant i mai rendir-se davant de res. I recordar-vos que tot i qu\u00e8 el nostre proper \u00e0lbum <em>Chatarrero Sessions<\/em> que estava previst que sort\u00eds aquest mes, s\u2019endarrerir\u00e0 un mes i mig o dos, hi haur\u00e0 c\u00f2pies per a tots els que vulguin aconseguir-ne una.<\/span><\/p>\n<p><span style=\"color: #000000;\"><strong><em>K: Doncs Jordi, moltes gr\u00e0cies per haver-me dedicat uns minuts del teu temps per a respondre a les meues preguntes. Que vaja tot molt b\u00e9 i a veure si ens veiem prompte en algun sarao.<\/em><\/strong><\/span><\/p>\n<p><span style=\"color: #000000;\">J: Moltes gr\u00e0cies a tu tamb\u00e9 pel teu temps i per aquesta fant\u00e0stica entrevista, si algun dia ens veiem per algun freg\u00e0o jo posar\u00e9 les birres, forta abra\u00e7ada Kat! Una salutaci\u00f3 a tots els teus seguidors de <strong>Val\u00e8ncia&#8217;N&#8217;Metal Around the World.<\/strong><\/span><\/p>\n<p><img loading=\"lazy\" decoding=\"async\" class=\" wp-image-2270 aligncenter\" src=\"https:\/\/katsf.es\/wp-content\/uploads\/2021\/11\/allfaces-279x300.jpg\" alt=\"\" width=\"409\" height=\"439\" \/><\/p>\n<p><span style=\"color: #000000;\">Podeu seguir a <strong>EL KASO URKIJO<\/strong> a les seg\u00fcents xarxes socials:<\/span><\/p>\n<p><strong><span style=\"color: #000000;\">BandCamp<\/span><\/strong><\/p>\n<p><a href=\"https:\/\/elkasourkijo666.bandcamp.com\/\">https:\/\/elkasourkijo666.bandcamp.com\/<\/a><\/p>\n<p><strong><span style=\"color: #000000;\">Facebook<\/span><\/strong><\/p>\n<p><a href=\"https:\/\/www.facebook.com\/elkasourkijo666\">https:\/\/www.facebook.com\/elkasourkijo666<\/a><\/p>\n<p><span style=\"color: #000000;\"><strong>Instagram<\/strong><\/span><\/p>\n<p><a href=\"https:\/\/www.instagram.com\/elkasourkijo\/\">https:\/\/www.instagram.com\/elkasourkijo\/<\/a><\/p>\n<p><span style=\"color: #000000;\"><strong>Youtube<\/strong><\/span><\/p>\n<p><a href=\"https:\/\/www.youtube.com\/watch?v=C-Oj5CwiZL4\">https:\/\/www.youtube.com\/watch?v=C-Oj5CwiZL4<\/a><\/p>\n<p><span style=\"color: #000000;\">Fotos de Felipe Vilarroya i extretes del seu FB i IG<\/span><\/p>\n<p><img loading=\"lazy\" decoding=\"async\" class=\" wp-image-2273 aligncenter\" src=\"https:\/\/katsf.es\/wp-content\/uploads\/2021\/11\/242449198_253136756720593_565406041206259406_n-300x199.jpg\" alt=\"\" width=\"393\" height=\"261\" \/><\/p>\n","protected":false},"excerpt":{"rendered":"<p>Quan parlem de l\u2019escena grinder catalana, \u00e9s inevitable no pensar amb El Kaso Urkijo, una de les bandes pioneres en el g\u00e8nere Grind (per no dir la primera) que continua en actiu despr\u00e9s de m\u00e9s de 25 anys de carrera. EL KASO URKIJO editar\u00e0 en breu un disc nou que dur\u00e0 per nom \u2018Chatarrero Sessions\u2019 i que recollir\u00e0 els seus temes m\u00e9s emblem\u00e0tics m\u00e9s un tema in\u00e8dit.<\/p>\n","protected":false},"author":2,"featured_media":2276,"comment_status":"closed","ping_status":"open","sticky":false,"template":"","format":"standard","meta":{"_et_pb_use_builder":"","_et_pb_old_content":"","_et_gb_content_width":"","footnotes":""},"categories":[36],"tags":[442,651,653,652,657,72,654,503,655,656,650,454,456],"class_list":["post-2245","post","type-post","status-publish","format-standard","has-post-thumbnail","hentry","category-entrevistes-escrites","tag-2021-ca","tag-bateria","tag-catalunya","tag-disc-nou","tag-el-kaso-urkijo-ca","tag-entrevista-ca","tag-escena-under","tag-exclusiva-ca","tag-extrem","tag-grind-ca","tag-grind-catala","tag-kat-sf-ca","tag-metal-ca"],"yoast_head":"<!-- This site is optimized with the Yoast SEO plugin v28.3 - https:\/\/yoast.com\/product\/yoast-seo-wordpress\/ -->\n<title>ENTREVISTA A JORDI WAR HEADS (EL KASO URKIJO) - VAL\u00c8NCIA&#039;N&#039;METAL por Kat SF<\/title>\n<meta name=\"description\" content=\"Kat S.F. entrevista a Jordi War Heads, bateria dels pioners del Grind catal\u00e0 El Kaso Urkijo que ens parlar\u00e0 de \u2018Chatarrero Sessions\u2019\" \/>\n<meta name=\"robots\" content=\"index, follow, max-snippet:-1, max-image-preview:large, max-video-preview:-1\" \/>\n<link rel=\"canonical\" href=\"https:\/\/katsf.es\/ca\/entrevista-a-jordi-war-heads-el-kaso-urkijo\/\" \/>\n<meta property=\"og:locale\" content=\"ca_ES\" \/>\n<meta property=\"og:type\" content=\"article\" \/>\n<meta property=\"og:title\" content=\"ENTREVISTA A JORDI WAR HEADS (EL KASO URKIJO) - VAL\u00c8NCIA&#039;N&#039;METAL por Kat SF\" \/>\n<meta property=\"og:description\" content=\"Kat S.F. entrevista a Jordi War Heads, bateria dels pioners del Grind catal\u00e0 El Kaso Urkijo que ens parlar\u00e0 de \u2018Chatarrero Sessions\u2019\" \/>\n<meta property=\"og:url\" content=\"https:\/\/katsf.es\/ca\/entrevista-a-jordi-war-heads-el-kaso-urkijo\/\" \/>\n<meta property=\"og:site_name\" content=\"VAL\u00c8NCIA&#039;N&#039;METAL por Kat SF\" \/>\n<meta property=\"article:published_time\" content=\"2021-11-18T14:54:29+00:00\" \/>\n<meta property=\"article:modified_time\" content=\"2023-03-31T12:46:15+00:00\" \/>\n<meta property=\"og:image\" content=\"https:\/\/katsf.es\/wp-content\/uploads\/2021\/11\/242344857_376549720736341_8873596120861922597_n-1.jpg\" \/>\n\t<meta property=\"og:image:width\" content=\"1073\" \/>\n\t<meta property=\"og:image:height\" content=\"570\" \/>\n\t<meta property=\"og:image:type\" content=\"image\/jpeg\" \/>\n<meta name=\"author\" content=\"Kat SF\" \/>\n<meta name=\"twitter:card\" content=\"summary_large_image\" \/>\n<meta name=\"twitter:label1\" content=\"Escrit per\" \/>\n\t<meta name=\"twitter:data1\" content=\"Kat SF\" \/>\n\t<meta name=\"twitter:label2\" content=\"Temps estimat de lectura\" \/>\n\t<meta name=\"twitter:data2\" content=\"13 minuts\" \/>\n<script type=\"application\/ld+json\" class=\"yoast-schema-graph\">{\"@context\":\"https:\\\/\\\/schema.org\",\"@graph\":[{\"@type\":\"Article\",\"@id\":\"https:\\\/\\\/katsf.es\\\/ca\\\/entrevista-a-jordi-war-heads-el-kaso-urkijo\\\/#article\",\"isPartOf\":{\"@id\":\"https:\\\/\\\/katsf.es\\\/ca\\\/entrevista-a-jordi-war-heads-el-kaso-urkijo\\\/\"},\"author\":{\"name\":\"Kat SF\",\"@id\":\"https:\\\/\\\/katsf.es\\\/ca\\\/#\\\/schema\\\/person\\\/ae87ba84066f0d2230e0d5cbf3d3600d\"},\"headline\":\"ENTREVISTA A JORDI WAR HEADS (EL KASO URKIJO)\",\"datePublished\":\"2021-11-18T14:54:29+00:00\",\"dateModified\":\"2023-03-31T12:46:15+00:00\",\"mainEntityOfPage\":{\"@id\":\"https:\\\/\\\/katsf.es\\\/ca\\\/entrevista-a-jordi-war-heads-el-kaso-urkijo\\\/\"},\"wordCount\":2583,\"image\":{\"@id\":\"https:\\\/\\\/katsf.es\\\/ca\\\/entrevista-a-jordi-war-heads-el-kaso-urkijo\\\/#primaryimage\"},\"thumbnailUrl\":\"https:\\\/\\\/katsf.es\\\/wp-content\\\/uploads\\\/2021\\\/11\\\/242344857_376549720736341_8873596120861922597_n-1.jpg\",\"keywords\":[\"2021\",\"bateria\",\"catalunya\",\"disc nou\",\"el kaso urkijo\",\"entrevista\",\"escena under\",\"exclusiva\",\"extrem\",\"grind\",\"grind catal\u00e0\",\"kat sf\",\"metal\"],\"articleSection\":[\"Entrevistes Escrites\"],\"inLanguage\":\"ca\"},{\"@type\":\"WebPage\",\"@id\":\"https:\\\/\\\/katsf.es\\\/ca\\\/entrevista-a-jordi-war-heads-el-kaso-urkijo\\\/\",\"url\":\"https:\\\/\\\/katsf.es\\\/ca\\\/entrevista-a-jordi-war-heads-el-kaso-urkijo\\\/\",\"name\":\"ENTREVISTA A JORDI WAR HEADS (EL KASO URKIJO) - VAL\u00c8NCIA&#039;N&#039;METAL por Kat SF\",\"isPartOf\":{\"@id\":\"https:\\\/\\\/katsf.es\\\/ca\\\/#website\"},\"primaryImageOfPage\":{\"@id\":\"https:\\\/\\\/katsf.es\\\/ca\\\/entrevista-a-jordi-war-heads-el-kaso-urkijo\\\/#primaryimage\"},\"image\":{\"@id\":\"https:\\\/\\\/katsf.es\\\/ca\\\/entrevista-a-jordi-war-heads-el-kaso-urkijo\\\/#primaryimage\"},\"thumbnailUrl\":\"https:\\\/\\\/katsf.es\\\/wp-content\\\/uploads\\\/2021\\\/11\\\/242344857_376549720736341_8873596120861922597_n-1.jpg\",\"datePublished\":\"2021-11-18T14:54:29+00:00\",\"dateModified\":\"2023-03-31T12:46:15+00:00\",\"author\":{\"@id\":\"https:\\\/\\\/katsf.es\\\/ca\\\/#\\\/schema\\\/person\\\/ae87ba84066f0d2230e0d5cbf3d3600d\"},\"description\":\"Kat S.F. entrevista a Jordi War Heads, bateria dels pioners del Grind catal\u00e0 El Kaso Urkijo que ens parlar\u00e0 de \u2018Chatarrero Sessions\u2019\",\"breadcrumb\":{\"@id\":\"https:\\\/\\\/katsf.es\\\/ca\\\/entrevista-a-jordi-war-heads-el-kaso-urkijo\\\/#breadcrumb\"},\"inLanguage\":\"ca\",\"potentialAction\":[{\"@type\":\"ReadAction\",\"target\":[\"https:\\\/\\\/katsf.es\\\/ca\\\/entrevista-a-jordi-war-heads-el-kaso-urkijo\\\/\"]}]},{\"@type\":\"ImageObject\",\"inLanguage\":\"ca\",\"@id\":\"https:\\\/\\\/katsf.es\\\/ca\\\/entrevista-a-jordi-war-heads-el-kaso-urkijo\\\/#primaryimage\",\"url\":\"https:\\\/\\\/katsf.es\\\/wp-content\\\/uploads\\\/2021\\\/11\\\/242344857_376549720736341_8873596120861922597_n-1.jpg\",\"contentUrl\":\"https:\\\/\\\/katsf.es\\\/wp-content\\\/uploads\\\/2021\\\/11\\\/242344857_376549720736341_8873596120861922597_n-1.jpg\",\"width\":1073,\"height\":570},{\"@type\":\"BreadcrumbList\",\"@id\":\"https:\\\/\\\/katsf.es\\\/ca\\\/entrevista-a-jordi-war-heads-el-kaso-urkijo\\\/#breadcrumb\",\"itemListElement\":[{\"@type\":\"ListItem\",\"position\":1,\"name\":\"Portada\",\"item\":\"https:\\\/\\\/katsf.es\\\/ca\\\/\"},{\"@type\":\"ListItem\",\"position\":2,\"name\":\"ENTREVISTA A JORDI WAR HEADS (EL KASO URKIJO)\"}]},{\"@type\":\"WebSite\",\"@id\":\"https:\\\/\\\/katsf.es\\\/ca\\\/#website\",\"url\":\"https:\\\/\\\/katsf.es\\\/ca\\\/\",\"name\":\"VAL\u00c8NCIA&#039;N&#039;METAL por Kat SF\",\"description\":\"entrevistas l\u00edderes y profesionales del campo musical\",\"potentialAction\":[{\"@type\":\"SearchAction\",\"target\":{\"@type\":\"EntryPoint\",\"urlTemplate\":\"https:\\\/\\\/katsf.es\\\/ca\\\/?s={search_term_string}\"},\"query-input\":{\"@type\":\"PropertyValueSpecification\",\"valueRequired\":true,\"valueName\":\"search_term_string\"}}],\"inLanguage\":\"ca\"},{\"@type\":\"Person\",\"@id\":\"https:\\\/\\\/katsf.es\\\/ca\\\/#\\\/schema\\\/person\\\/ae87ba84066f0d2230e0d5cbf3d3600d\",\"name\":\"Kat SF\",\"image\":{\"@type\":\"ImageObject\",\"inLanguage\":\"ca\",\"@id\":\"https:\\\/\\\/secure.gravatar.com\\\/avatar\\\/1c9ffa80d9da8dfa7be1bd38f3a50e6db4e4c328bd5c984ac5a4c2d3486a11c2?s=96&d=mm&r=g\",\"url\":\"https:\\\/\\\/secure.gravatar.com\\\/avatar\\\/1c9ffa80d9da8dfa7be1bd38f3a50e6db4e4c328bd5c984ac5a4c2d3486a11c2?s=96&d=mm&r=g\",\"contentUrl\":\"https:\\\/\\\/secure.gravatar.com\\\/avatar\\\/1c9ffa80d9da8dfa7be1bd38f3a50e6db4e4c328bd5c984ac5a4c2d3486a11c2?s=96&d=mm&r=g\",\"caption\":\"Kat SF\"},\"url\":\"https:\\\/\\\/katsf.es\\\/ca\\\/author\\\/kath-es-fusgmail-com\\\/\"}]}<\/script>\n<!-- \/ Yoast SEO plugin. -->","yoast_head_json":{"title":"ENTREVISTA A JORDI WAR HEADS (EL KASO URKIJO) - VAL\u00c8NCIA&#039;N&#039;METAL por Kat SF","description":"Kat S.F. entrevista a Jordi War Heads, bateria dels pioners del Grind catal\u00e0 El Kaso Urkijo que ens parlar\u00e0 de \u2018Chatarrero Sessions\u2019","robots":{"index":"index","follow":"follow","max-snippet":"max-snippet:-1","max-image-preview":"max-image-preview:large","max-video-preview":"max-video-preview:-1"},"canonical":"https:\/\/katsf.es\/ca\/entrevista-a-jordi-war-heads-el-kaso-urkijo\/","og_locale":"ca_ES","og_type":"article","og_title":"ENTREVISTA A JORDI WAR HEADS (EL KASO URKIJO) - VAL\u00c8NCIA&#039;N&#039;METAL por Kat SF","og_description":"Kat S.F. entrevista a Jordi War Heads, bateria dels pioners del Grind catal\u00e0 El Kaso Urkijo que ens parlar\u00e0 de \u2018Chatarrero Sessions\u2019","og_url":"https:\/\/katsf.es\/ca\/entrevista-a-jordi-war-heads-el-kaso-urkijo\/","og_site_name":"VAL\u00c8NCIA&#039;N&#039;METAL por Kat SF","article_published_time":"2021-11-18T14:54:29+00:00","article_modified_time":"2023-03-31T12:46:15+00:00","og_image":[{"width":1073,"height":570,"url":"https:\/\/katsf.es\/wp-content\/uploads\/2021\/11\/242344857_376549720736341_8873596120861922597_n-1.jpg","type":"image\/jpeg"}],"author":"Kat SF","twitter_card":"summary_large_image","twitter_misc":{"Escrit per":"Kat SF","Temps estimat de lectura":"13 minuts"},"schema":{"@context":"https:\/\/schema.org","@graph":[{"@type":"Article","@id":"https:\/\/katsf.es\/ca\/entrevista-a-jordi-war-heads-el-kaso-urkijo\/#article","isPartOf":{"@id":"https:\/\/katsf.es\/ca\/entrevista-a-jordi-war-heads-el-kaso-urkijo\/"},"author":{"name":"Kat SF","@id":"https:\/\/katsf.es\/ca\/#\/schema\/person\/ae87ba84066f0d2230e0d5cbf3d3600d"},"headline":"ENTREVISTA A JORDI WAR HEADS (EL KASO URKIJO)","datePublished":"2021-11-18T14:54:29+00:00","dateModified":"2023-03-31T12:46:15+00:00","mainEntityOfPage":{"@id":"https:\/\/katsf.es\/ca\/entrevista-a-jordi-war-heads-el-kaso-urkijo\/"},"wordCount":2583,"image":{"@id":"https:\/\/katsf.es\/ca\/entrevista-a-jordi-war-heads-el-kaso-urkijo\/#primaryimage"},"thumbnailUrl":"https:\/\/katsf.es\/wp-content\/uploads\/2021\/11\/242344857_376549720736341_8873596120861922597_n-1.jpg","keywords":["2021","bateria","catalunya","disc nou","el kaso urkijo","entrevista","escena under","exclusiva","extrem","grind","grind catal\u00e0","kat sf","metal"],"articleSection":["Entrevistes Escrites"],"inLanguage":"ca"},{"@type":"WebPage","@id":"https:\/\/katsf.es\/ca\/entrevista-a-jordi-war-heads-el-kaso-urkijo\/","url":"https:\/\/katsf.es\/ca\/entrevista-a-jordi-war-heads-el-kaso-urkijo\/","name":"ENTREVISTA A JORDI WAR HEADS (EL KASO URKIJO) - VAL\u00c8NCIA&#039;N&#039;METAL por Kat SF","isPartOf":{"@id":"https:\/\/katsf.es\/ca\/#website"},"primaryImageOfPage":{"@id":"https:\/\/katsf.es\/ca\/entrevista-a-jordi-war-heads-el-kaso-urkijo\/#primaryimage"},"image":{"@id":"https:\/\/katsf.es\/ca\/entrevista-a-jordi-war-heads-el-kaso-urkijo\/#primaryimage"},"thumbnailUrl":"https:\/\/katsf.es\/wp-content\/uploads\/2021\/11\/242344857_376549720736341_8873596120861922597_n-1.jpg","datePublished":"2021-11-18T14:54:29+00:00","dateModified":"2023-03-31T12:46:15+00:00","author":{"@id":"https:\/\/katsf.es\/ca\/#\/schema\/person\/ae87ba84066f0d2230e0d5cbf3d3600d"},"description":"Kat S.F. entrevista a Jordi War Heads, bateria dels pioners del Grind catal\u00e0 El Kaso Urkijo que ens parlar\u00e0 de \u2018Chatarrero Sessions\u2019","breadcrumb":{"@id":"https:\/\/katsf.es\/ca\/entrevista-a-jordi-war-heads-el-kaso-urkijo\/#breadcrumb"},"inLanguage":"ca","potentialAction":[{"@type":"ReadAction","target":["https:\/\/katsf.es\/ca\/entrevista-a-jordi-war-heads-el-kaso-urkijo\/"]}]},{"@type":"ImageObject","inLanguage":"ca","@id":"https:\/\/katsf.es\/ca\/entrevista-a-jordi-war-heads-el-kaso-urkijo\/#primaryimage","url":"https:\/\/katsf.es\/wp-content\/uploads\/2021\/11\/242344857_376549720736341_8873596120861922597_n-1.jpg","contentUrl":"https:\/\/katsf.es\/wp-content\/uploads\/2021\/11\/242344857_376549720736341_8873596120861922597_n-1.jpg","width":1073,"height":570},{"@type":"BreadcrumbList","@id":"https:\/\/katsf.es\/ca\/entrevista-a-jordi-war-heads-el-kaso-urkijo\/#breadcrumb","itemListElement":[{"@type":"ListItem","position":1,"name":"Portada","item":"https:\/\/katsf.es\/ca\/"},{"@type":"ListItem","position":2,"name":"ENTREVISTA A JORDI WAR HEADS (EL KASO URKIJO)"}]},{"@type":"WebSite","@id":"https:\/\/katsf.es\/ca\/#website","url":"https:\/\/katsf.es\/ca\/","name":"VAL\u00c8NCIA&#039;N&#039;METAL por Kat SF","description":"entrevistas l\u00edderes y profesionales del campo musical","potentialAction":[{"@type":"SearchAction","target":{"@type":"EntryPoint","urlTemplate":"https:\/\/katsf.es\/ca\/?s={search_term_string}"},"query-input":{"@type":"PropertyValueSpecification","valueRequired":true,"valueName":"search_term_string"}}],"inLanguage":"ca"},{"@type":"Person","@id":"https:\/\/katsf.es\/ca\/#\/schema\/person\/ae87ba84066f0d2230e0d5cbf3d3600d","name":"Kat SF","image":{"@type":"ImageObject","inLanguage":"ca","@id":"https:\/\/secure.gravatar.com\/avatar\/1c9ffa80d9da8dfa7be1bd38f3a50e6db4e4c328bd5c984ac5a4c2d3486a11c2?s=96&d=mm&r=g","url":"https:\/\/secure.gravatar.com\/avatar\/1c9ffa80d9da8dfa7be1bd38f3a50e6db4e4c328bd5c984ac5a4c2d3486a11c2?s=96&d=mm&r=g","contentUrl":"https:\/\/secure.gravatar.com\/avatar\/1c9ffa80d9da8dfa7be1bd38f3a50e6db4e4c328bd5c984ac5a4c2d3486a11c2?s=96&d=mm&r=g","caption":"Kat SF"},"url":"https:\/\/katsf.es\/ca\/author\/kath-es-fusgmail-com\/"}]}},"_links":{"self":[{"href":"https:\/\/katsf.es\/ca\/wp-json\/wp\/v2\/posts\/2245","targetHints":{"allow":["GET"]}}],"collection":[{"href":"https:\/\/katsf.es\/ca\/wp-json\/wp\/v2\/posts"}],"about":[{"href":"https:\/\/katsf.es\/ca\/wp-json\/wp\/v2\/types\/post"}],"author":[{"embeddable":true,"href":"https:\/\/katsf.es\/ca\/wp-json\/wp\/v2\/users\/2"}],"replies":[{"embeddable":true,"href":"https:\/\/katsf.es\/ca\/wp-json\/wp\/v2\/comments?post=2245"}],"version-history":[{"count":1,"href":"https:\/\/katsf.es\/ca\/wp-json\/wp\/v2\/posts\/2245\/revisions"}],"predecessor-version":[{"id":2279,"href":"https:\/\/katsf.es\/ca\/wp-json\/wp\/v2\/posts\/2245\/revisions\/2279"}],"wp:featuredmedia":[{"embeddable":true,"href":"https:\/\/katsf.es\/ca\/wp-json\/wp\/v2\/media\/2276"}],"wp:attachment":[{"href":"https:\/\/katsf.es\/ca\/wp-json\/wp\/v2\/media?parent=2245"}],"wp:term":[{"taxonomy":"category","embeddable":true,"href":"https:\/\/katsf.es\/ca\/wp-json\/wp\/v2\/categories?post=2245"},{"taxonomy":"post_tag","embeddable":true,"href":"https:\/\/katsf.es\/ca\/wp-json\/wp\/v2\/tags?post=2245"}],"curies":[{"name":"wp","href":"https:\/\/api.w.org\/{rel}","templated":true}]}}