{"id":2705,"date":"2022-07-13T11:39:00","date_gmt":"2022-07-13T09:39:00","guid":{"rendered":"https:\/\/katsf.es\/?p=2705"},"modified":"2022-07-14T11:19:01","modified_gmt":"2022-07-14T09:19:01","slug":"vidres-a-la-sang-fragments-de-lesdevenir-2022","status":"publish","type":"post","link":"https:\/\/katsf.es\/ca\/vidres-a-la-sang-fragments-de-lesdevenir-2022\/","title":{"rendered":"VIDRES A LA SANG \u2018FRAGMENTS DE L\u2019ESDEVENIR\u2019 (2022)"},"content":{"rendered":"<p><img loading=\"lazy\" decoding=\"async\" class=\" wp-image-2706 aligncenter\" src=\"https:\/\/katsf.es\/wp-content\/uploads\/2022\/07\/a4107399368_10-300x300.jpg\" alt=\"\" width=\"322\" height=\"322\" \/><\/p>\n<p><span style=\"color: #000000;\"><strong>NDR<\/strong>: <strong><em>Tot i amb el coneixement que tinc de diverses ressenyes sobre el disc que ens ocupa i d\u2019una entrevista als membres de la banda publicada al youtube a principis de juliol, vull que quede clar que jo NO he llegit ni sentit res de tot a\u00e7\u00f2: les meues conclusions, opinions i sensacions s\u2019han obtingut nom\u00e9s de sentir les can\u00e7ons.<\/em><\/strong><\/span><\/p>\n<p><span style=\"color: #000000;\">Quan una banda decidix cessar la seua activitat, sempre causa un gran terrabastall als seus seguidors. Els ompli la pregunta m\u00e9s t\u00edpica de l\u2019univers \u2018per qu\u00e8?\u2019. Aquest \u2018per qu\u00e8?\u2019 pot tenir moltes explicacions: des de que la f\u00f3rmula ja est\u00e0 gastada, passant per una aguda crisi creadora per part del compositor fins la m\u00e9s senzilla de totes: ja hi ha prou d\u2019aquest color. Evidentment els \u00fanics que saben de les raons concretes s\u00f3n els membres de la formaci\u00f3 i nom\u00e9s ells estan en el seu ple dret de fer-les publiques o no.<\/span><\/p>\n<p><span style=\"color: #000000;\">Els anys passen i la gent, es vulga o no, s\u2019oblida d\u2019aquella formaci\u00f3 que un dia va ser m\u00e9s important que la seua pr\u00f2pia vida. I de sobte, sense m\u00e9s ni m\u00e9s, eixa banda que ja es creia extinta, reapareix com l\u2019Au F\u00e8nix i causa una tremenda commoci\u00f3.<\/span><\/p>\n<p><span style=\"color: #000000;\">La desaparici\u00f3 musical dels catalans <strong>VIDRES A LA SANG<\/strong>, sincerament la havia oblidat per complet. S\u00e9 que era una banda que a mi m\u2019agradava i que havia tingut el gran plaer de veure\u2019ls en directe amb els Foscor en format quartet defensant el seu darrer disc d\u2019aquella \u00e8poca <strong><em>Som<\/em><\/strong> (podeu llegir la meua fotocr\u00f2nica a<\/span> <a href=\"https:\/\/katsf.es\/vidres-a-la-sang\/\">https:\/\/katsf.es\/vidres-a-la-sang\/<\/a>). <span style=\"color: #000000;\">Tamb\u00e9 recorde que vaig tenir algunes paraules de reconeixent per part d\u2019ells a l\u2019era del defenestrat MySpace.<\/span><\/p>\n<p><span style=\"color: #000000;\">Per aix\u00f2 quan vaig rebre la newsletter de Discos Macarras on es deia que <strong>VIDRES A LA SANG<\/strong> anaven a traure el seu cinqu\u00e8 disc d\u2019estudi despr\u00e8s del seu sonat retorn en 2018 amb <strong><em>Set de Sang<\/em><\/strong>, em vaig sorprendre (2018 va ser un any dif\u00edcil per a mi i no estava pendent de res de tot a\u00e7\u00f2). I em va sobtar una pregunta m\u00e9s vella que el Temps: sonaran com abans? La resposta: No.<\/span><\/p>\n<p><img loading=\"lazy\" decoding=\"async\" class=\" wp-image-2710 aligncenter\" src=\"https:\/\/katsf.es\/wp-content\/uploads\/2022\/07\/baixa.jpg\" alt=\"\" width=\"303\" height=\"272\" \/><\/p>\n<p><span style=\"color: #000000;\">Abans de sentir el seu nou <strong><em>Fragments de L\u2019esdevenir<\/em><\/strong>, he procurat escoltar algun tema de l\u2019anterior disc. La veritat \u00e9s que la rudesa i crudesa que destil\u00b7laven en directe, estava prou difuminada i eixa dualitat de veus clares i greus en un intent de \u2018borknaguerisme\u2019 poc habitual tampoc ajudava massa&#8230;<\/span><\/p>\n<p><span style=\"color: #000000;\">Actualment nom\u00e9s queden dos membres de la formaci\u00f3 que jo coneixa: Eloi Boucherie (veus i guitarra) i Albert Mart\u00ed (guitarra solista). El bateria sembla un membre estable per\u00f2 no aix\u00ed el baixista que sobre haver gravat el disc, no vol dir que puga acompanyar-los al directe. Aix\u00f2, al meu entendre, fa que tal vegada el so no arribe del tot a assentar-se i prendre forma perqu\u00e8 no saps mai qui estar\u00e0 ni si sonar\u00e0 com cal.<\/span><\/p>\n<p><span style=\"color: #000000;\"><strong><em>Fragments de L\u2019esdevenir <\/em><\/strong>\u00e9s un disc format per nom\u00e9s cinc temes que segons les paraules del seu propi cantant busquen ser un conjunt de fragments de denuncia cap a una societat decadent (Discos Macarras Newsletter)<\/span><\/p>\n<p><span style=\"color: #000000;\">El primer tema que ens trobem \u00e9s <em>Mort de Paraula<\/em>. El seu inici lent que va donant pas a la resta d\u2019instrumentaci\u00f3, busca ser com un despertar a dins d\u2019una fosa, com si el protagonista s\u2019arrosegara buscant la llum, buscant la pau. Sincerament \u00e9s una part que m\u2019agrada molt i que mai adscriuria als <strong>VIDRES A LA SANG<\/strong>. Eloi busca molt que la seua veu a aquest tema es puga sentir i entendre al cent per cent i no dubta en usar el registre parlat amb poques cad\u00e8ncies que pocs s\u2019atrevixen a usar. La textura vocal \u00e9s grossa, no gutural, per\u00f2 s\u00ed fangosa. S\u00f3n m\u00e9s Doom que res a aquest tema. A nivell musical, la bateria t\u00e9 un so molt marcial ja que marca el ritme constantment i ambdues guitarres casen a la perfecci\u00f3. El baix continua quedant-se massa sord (ja passava abans de retirar-se). Ofegant i ben estructurat.<\/span><\/p>\n<p><span style=\"color: #000000;\">El recital continua amb \u2018Salveu-me els Ulls\u2019 un tema que comen\u00e7a amb les guitarres en ascend\u00e8ncia sonora per a explosionar en tots els instruments tocant a l\u2019hora. Eloi continua amb el seu registre parlat semicadent, per\u00f2 per desgr\u00e0cia ac\u00ed la bateria es queda molt per davall de la resta i \u00e9s una ll\u00e0stima perqu\u00e8 s\u2019advertix poderosa. Les guitarres manen i dominen la can\u00e7\u00f3 de principi a fi. En general \u2018Salveu-me els Ulls\u2019 podria dir-se que \u00e9s un tema de intenci\u00f3 m\u00e9s purista de <strong>VIDRES A LA SANG<\/strong>, per\u00f2 amb menys agressivitat que fa anys. Els solos impecables li donen aire al tema, com una llum negra que \u00e9s al remat el handicap d\u2019aquest red\u00f3. El final arreplega les notes inicials tancant el cercle.<\/span><\/p>\n<p><span style=\"color: #000000;\">Arribem al tercer tall d\u2019aquest <strong><em>Fragments de L\u2019esdevenir<\/em><\/strong>: \u2018Ventres de Llum\u2019. Aquest tema l\u2019hem d\u2019entendre no nom\u00e9s com l\u2019equador del disc, sin\u00f3 com el punt d\u2019inflexi\u00f3 entre el protagonista i el seu \u2018sino\u2019. Ac\u00ed, la estructura musical es queda molt lineal, \u00e9s a dir, sempre en les mateixes notes com evitant que el turment del protagonista es puga esvair, sensaci\u00f3 que s\u2019agreuja amb la eliminaci\u00f3 total de les cad\u00e8ncies a les vocals.<\/span><\/p>\n<p><span style=\"color: #000000;\">\u2018Fins aqu\u00ed\u2019 ja ho diu tot. El protagonista ja en t\u00e9 m\u00e9s que suficient i est\u00e0 dispost a endur-se a qui siga i el que siga per davant. El tema ja comen\u00e7a amb duresa (que no agressivitat) i les bateries tornen a quedar-se molt amagades (ho sent molt per\u00f2 s\u00f3c molt radikal amb el so dels baixos i les bateries als discos i als directes). El tema busca recuperar la intenci\u00f3 musical amb qu\u00e8 s\u2019obri el disc i de fet podr\u00edem dir que es repetixen prou les notes marcials de la bateria i de les guitarres, on Albert es marca un solo brillant, virtu\u00f3s i agut replet de llum obscura. Ac\u00ed, sincerament es podria haver tirat un poc m\u00e9s de guturalitat (el registre de l\u2019Eloi de fa 10 anys era \u00fanic en la seua esp\u00e8cie) i haguera arrodonit m\u00e9s encara el tema del que ja est\u00e0. El final al sec, \u00e9s un plus.<\/span><\/p>\n<p><span style=\"color: #000000;\">Finalitzem aquest disc amb \u2018Ara \u00e9s Dem\u00e0\u2019, un tema que comen\u00e7a massa alegre si m\u2019apureu. Les guitarres s\u00f3n molt netes, amb ganes de comen\u00e7ar, amb ganes de retrobar-se amb l\u2019esperan\u00e7a d\u2019un nou dem\u00e0. Les bateries oferixen unes notes plenes de melodies i s\u2019ajunten amb el registre parlat semicadent d\u2019Eloi per a marcar un nou inici que remarca amb for\u00e7a gr\u00e0cies a la inclusi\u00f3 de m\u00e9s l\u00ednies guturals. Les notes fluides i et\u00e8ries de la guitarra fomenten que l\u2019inici que busca el protagonista siga una veritat el qual s\u2019allarga fins al final del tema.<\/span><\/p>\n<p><span style=\"color: #000000;\">En general aquest <strong><em>Fragments de L\u2019esdevenir<\/em><\/strong> \u00e9s un disc molt competent i ben empastat, que probablement s\u2019acosta m\u00e9s a l\u2019arrel hereva de <strong><em>Som <\/em><\/strong>que de <strong><em>Set de Sang<\/em><\/strong>. \u00c9s un fet que el so de <strong>VIDRES A LA SANG<\/strong> no \u00e9s el que molts recordem, ple de f\u00faria i viol\u00e8ncia, per\u00f2 no han perdut del tot la seua ess\u00e8ncia. L\u2019han canviada per\u00f2 la podrien recuperar si volgueren. A nivell de g\u00e8nere metal practicat, no estic gens d\u2019acord amb eixa etiqueta de \u2018Progressive Blackened Death\u2019 (el Progressive en la seua forma m\u00e9s pura abusa dels teclats i ac\u00ed brillen per la seua abs\u00e8ncia per sort). Tampoc s\u00f3n Melodic, ni Avantgard, ni Post-, ni Pre-, ni cap d\u2019eixes aberracions \u2013Core.<\/span><\/p>\n<p><span style=\"color: #000000;\"><strong>VIDRES A LA SANG<\/strong> sempre han estat a mig cam\u00ed entre el Death i el Black, i per a mi hi continuen. El que ocorre ara \u00e9s que s\u2019han fet m\u00e9s densos, com si mesclarem a Setge (pel registre greu) amb Marasme (per les tonalitats musicals) per\u00f2 amb totes les seues particularitats, que \u00e9s els que fa diferents d\u2019aquestos i de la resta.<\/span><\/p>\n<p><span style=\"color: #000000;\">Si et preguntes si recomane que li pegues una escolta, la resposta \u00e9s un s\u00ed rotund. Tant si ets un seguidor dels antics, com jo, com si els sents per primera vegada.<\/span><\/p>\n<p><span style=\"color: #000000;\"><strong><em>Fragments de L\u2019esdevenir <\/em><\/strong>va eixir el passat 1 de juliol per mitj\u00e0 de Abstract Emotions. Podeu adquirir la versi\u00f3 f\u00edsica de l\u2019\u00e0lbum per aquest link:\u00a0<a href=\"https:\/\/abstractemotions.com\/es\/pre-orders\/1902-vidres-a-la-sang-fragments-de-l-esdevenir-cd-8435383683731.html\">https:\/\/abstractemotions.com\/es\/pre-orders\/1902-vidres-a-la-sang-fragments-de-l-esdevenir-cd-8435383683731.html<\/a><\/span><\/p>\n<p><span style=\"color: #000000;\"><strong>VIDRES A LA SANG<\/strong> s\u00f3n:<\/span><\/p>\n<p><span style=\"color: #000000;\">Eloi Boucherie \u2013veus i guitarres<\/span><\/p>\n<p><span style=\"color: #000000;\">Albert Mart\u00ed \u2013guitarres<\/span><\/p>\n<p><span style=\"color: #000000;\">Jordi Farr\u00e9 \u2013bateria<\/span><\/p>\n<p><span style=\"color: #000000;\">Mart\u00edn M\u00e9ndez \u2013 baixista de sessi\u00f3<\/span><\/p>\n<p>&nbsp;<\/p>\n<h2><strong><span style=\"color: #000000;\">RRSS<\/span><\/strong><\/h2>\n<p><span style=\"color: #000000;\"><strong>Facebook<\/strong><\/span><\/p>\n<p><a href=\"https:\/\/www.facebook.com\/vidresalasang\/\">https:\/\/www.facebook.com\/vidresalasang\/<\/a><\/p>\n<p><span style=\"color: #000000;\"><strong>Instagram<\/strong><\/span><\/p>\n<p><a href=\"https:\/\/www.instagram.com\/vidres_a_la_sang\/\">https:\/\/www.instagram.com\/vidres_a_la_sang\/<\/a><\/p>\n<p><span style=\"color: #000000;\"><strong>Twitter<\/strong><\/span><\/p>\n<p><a href=\"https:\/\/twitter.com\/Vidresalasang\">https:\/\/twitter.com\/Vidresalasang<\/a><\/p>\n<p><span style=\"color: #000000;\"><strong>Spotify<\/strong><\/span><\/p>\n<p><a href=\"https:\/\/open.spotify.com\/artist\/4HYoaDFfg2c6I5pLS64Q6L\">https:\/\/open.spotify.com\/artist\/4HYoaDFfg2c6I5pLS64Q6L<\/a><\/p>\n<p><span style=\"color: #000000;\"><strong>Soundcloud<\/strong><\/span><\/p>\n<p><a href=\"https:\/\/soundcloud.com\/vidresalasangofficial\">https:\/\/soundcloud.com\/vidresalasangofficial<\/a><\/p>\n<p><span style=\"color: #000000;\"><strong>Deezer<\/strong><\/span><\/p>\n<p><a href=\"https:\/\/www.deezer.com\/us\/artist\/301057\">https:\/\/www.deezer.com\/us\/artist\/301057<\/a><\/p>\n<p><span style=\"color: #000000;\"><strong>Amazon Music<\/strong><\/span><\/p>\n<p><a href=\"https:\/\/music.amazon.com\/artists\/B009TLAEF2\/vidres-a-la-sang\">https:\/\/music.amazon.com\/artists\/B009TLAEF2\/vidres-a-la-sang<\/a><\/p>\n<p><span style=\"color: #000000;\"><strong>Apple Music<\/strong><\/span><\/p>\n<p><a href=\"https:\/\/music.apple.com\/us\/artist\/vidres-a-la-sang\/331449290\">https:\/\/music.apple.com\/us\/artist\/vidres-a-la-sang\/331449290<\/a><\/p>\n<p><strong><span style=\"color: #000000;\">Youtube<\/span><\/strong><\/p>\n<p><a href=\"https:\/\/www.youtube.com\/channel\/UCWWnWo4E1RqWDOX4-y1jwfQ\/featured\/featured\">https:\/\/www.youtube.com\/channel\/UCWWnWo4E1RqWDOX4-y1jwfQ\/featured\/featured<\/a><\/p>\n<p><span style=\"color: #000000;\">Full album <strong><em>Fragments de L\u2019esdevenir (2022)<\/em><\/strong><\/span><\/p>\n<p><a href=\"https:\/\/www.youtube.com\/watch?v=xfIQMLn6dfo\">https:\/\/www.youtube.com\/watch?v=xfIQMLn6dfo<\/a><\/p>\n<p><span style=\"color: #000000;\">Full album<strong> <em>Set de Sang<\/em> (2108)<\/strong><\/span><\/p>\n<p><a href=\"https:\/\/www.youtube.com\/watch?v=LEjOk-Gh5xM\">https:\/\/www.youtube.com\/watch?v=LEjOk-Gh5xM<\/a><\/p>\n<p><span style=\"color: #000000;\">Foto extreta del Facebook de la banda<\/span><\/p>\n","protected":false},"excerpt":{"rendered":"<p>La emblem\u00e0tica banda de metal extrem catalana VIDRES A LA SANG presenten el seu cinqu\u00e8 disc de carrera \u2018Fragments de L\u2019esdevenir\u2019, el segon despr\u00e9s de la seua tornada al 2018. Benvinguts a l\u2019Era 3.0.!<\/p>\n","protected":false},"author":2,"featured_media":2706,"comment_status":"closed","ping_status":"open","sticky":false,"template":"","format":"standard","meta":{"_et_pb_use_builder":"","_et_pb_old_content":"","_et_gb_content_width":"","footnotes":""},"categories":[33],"tags":[725,724,653,526,652,722,454,723,456,720,721],"class_list":["post-2705","post","type-post","status-publish","format-standard","has-post-thumbnail","hentry","category-cronica-ress","tag-2022-ca","tag-black-ca","tag-catalunya","tag-death-ca","tag-disc-nou","tag-fragments","tag-kat-sf-ca","tag-lesdevenir","tag-metal-ca","tag-ressenya","tag-vidres-a-la-sang"],"yoast_head":"<!-- This site is optimized with the Yoast SEO plugin v28.3 - https:\/\/yoast.com\/product\/yoast-seo-wordpress\/ -->\n<title>VIDRES A LA SANG \u2018FRAGMENTS DE L\u2019ESDEVENIR\u2019 (2022) - VAL\u00c8NCIA&#039;N&#039;METAL por Kat SF<\/title>\n<meta name=\"description\" content=\"Kat S.F. et porta les seues impressions sobre el cinqu\u00e8 disc d\u2019estudi dels catalans Vidres a la Sang \u2018Fragments de L\u2019esdevenir\u2019\" \/>\n<meta name=\"robots\" content=\"index, follow, max-snippet:-1, max-image-preview:large, max-video-preview:-1\" \/>\n<link rel=\"canonical\" href=\"https:\/\/katsf.es\/ca\/vidres-a-la-sang-fragments-de-lesdevenir-2022\/\" \/>\n<meta property=\"og:locale\" content=\"ca_ES\" \/>\n<meta property=\"og:type\" content=\"article\" \/>\n<meta property=\"og:title\" content=\"VIDRES A LA SANG \u2018FRAGMENTS DE L\u2019ESDEVENIR\u2019 (2022) - VAL\u00c8NCIA&#039;N&#039;METAL por Kat SF\" \/>\n<meta property=\"og:description\" content=\"Kat S.F. et porta les seues impressions sobre el cinqu\u00e8 disc d\u2019estudi dels catalans Vidres a la Sang \u2018Fragments de L\u2019esdevenir\u2019\" \/>\n<meta property=\"og:url\" content=\"https:\/\/katsf.es\/ca\/vidres-a-la-sang-fragments-de-lesdevenir-2022\/\" \/>\n<meta property=\"og:site_name\" content=\"VAL\u00c8NCIA&#039;N&#039;METAL por Kat SF\" \/>\n<meta property=\"article:published_time\" content=\"2022-07-13T09:39:00+00:00\" \/>\n<meta property=\"article:modified_time\" content=\"2022-07-14T09:19:01+00:00\" \/>\n<meta property=\"og:image\" content=\"https:\/\/katsf.es\/wp-content\/uploads\/2022\/07\/a4107399368_10.jpg\" \/>\n\t<meta property=\"og:image:width\" content=\"1200\" \/>\n\t<meta property=\"og:image:height\" content=\"1200\" \/>\n\t<meta property=\"og:image:type\" content=\"image\/jpeg\" \/>\n<meta name=\"author\" content=\"Kat SF\" \/>\n<meta name=\"twitter:card\" content=\"summary_large_image\" \/>\n<meta name=\"twitter:label1\" content=\"Escrit per\" \/>\n\t<meta name=\"twitter:data1\" content=\"Kat SF\" \/>\n\t<meta name=\"twitter:label2\" content=\"Temps estimat de lectura\" \/>\n\t<meta name=\"twitter:data2\" content=\"7 minuts\" \/>\n<script type=\"application\/ld+json\" class=\"yoast-schema-graph\">{\"@context\":\"https:\\\/\\\/schema.org\",\"@graph\":[{\"@type\":\"Article\",\"@id\":\"https:\\\/\\\/katsf.es\\\/ca\\\/vidres-a-la-sang-fragments-de-lesdevenir-2022\\\/#article\",\"isPartOf\":{\"@id\":\"https:\\\/\\\/katsf.es\\\/ca\\\/vidres-a-la-sang-fragments-de-lesdevenir-2022\\\/\"},\"author\":{\"name\":\"Kat SF\",\"@id\":\"https:\\\/\\\/katsf.es\\\/ca\\\/#\\\/schema\\\/person\\\/ae87ba84066f0d2230e0d5cbf3d3600d\"},\"headline\":\"VIDRES A LA SANG \u2018FRAGMENTS DE L\u2019ESDEVENIR\u2019 (2022)\",\"datePublished\":\"2022-07-13T09:39:00+00:00\",\"dateModified\":\"2022-07-14T09:19:01+00:00\",\"mainEntityOfPage\":{\"@id\":\"https:\\\/\\\/katsf.es\\\/ca\\\/vidres-a-la-sang-fragments-de-lesdevenir-2022\\\/\"},\"wordCount\":1594,\"image\":{\"@id\":\"https:\\\/\\\/katsf.es\\\/ca\\\/vidres-a-la-sang-fragments-de-lesdevenir-2022\\\/#primaryimage\"},\"thumbnailUrl\":\"https:\\\/\\\/katsf.es\\\/wp-content\\\/uploads\\\/2022\\\/07\\\/a4107399368_10.jpg\",\"keywords\":[\"2022\",\"black\",\"catalunya\",\"death\",\"disc nou\",\"fragments\",\"kat sf\",\"l'esdevenir\",\"metal\",\"ressenya\",\"vidres a la sang\"],\"articleSection\":[\"Cr\u00f2nica i Ressenyes de discos\"],\"inLanguage\":\"ca\"},{\"@type\":\"WebPage\",\"@id\":\"https:\\\/\\\/katsf.es\\\/ca\\\/vidres-a-la-sang-fragments-de-lesdevenir-2022\\\/\",\"url\":\"https:\\\/\\\/katsf.es\\\/ca\\\/vidres-a-la-sang-fragments-de-lesdevenir-2022\\\/\",\"name\":\"VIDRES A LA SANG \u2018FRAGMENTS DE L\u2019ESDEVENIR\u2019 (2022) - VAL\u00c8NCIA&#039;N&#039;METAL por Kat SF\",\"isPartOf\":{\"@id\":\"https:\\\/\\\/katsf.es\\\/ca\\\/#website\"},\"primaryImageOfPage\":{\"@id\":\"https:\\\/\\\/katsf.es\\\/ca\\\/vidres-a-la-sang-fragments-de-lesdevenir-2022\\\/#primaryimage\"},\"image\":{\"@id\":\"https:\\\/\\\/katsf.es\\\/ca\\\/vidres-a-la-sang-fragments-de-lesdevenir-2022\\\/#primaryimage\"},\"thumbnailUrl\":\"https:\\\/\\\/katsf.es\\\/wp-content\\\/uploads\\\/2022\\\/07\\\/a4107399368_10.jpg\",\"datePublished\":\"2022-07-13T09:39:00+00:00\",\"dateModified\":\"2022-07-14T09:19:01+00:00\",\"author\":{\"@id\":\"https:\\\/\\\/katsf.es\\\/ca\\\/#\\\/schema\\\/person\\\/ae87ba84066f0d2230e0d5cbf3d3600d\"},\"description\":\"Kat S.F. et porta les seues impressions sobre el cinqu\u00e8 disc d\u2019estudi dels catalans Vidres a la Sang \u2018Fragments de L\u2019esdevenir\u2019\",\"breadcrumb\":{\"@id\":\"https:\\\/\\\/katsf.es\\\/ca\\\/vidres-a-la-sang-fragments-de-lesdevenir-2022\\\/#breadcrumb\"},\"inLanguage\":\"ca\",\"potentialAction\":[{\"@type\":\"ReadAction\",\"target\":[\"https:\\\/\\\/katsf.es\\\/ca\\\/vidres-a-la-sang-fragments-de-lesdevenir-2022\\\/\"]}]},{\"@type\":\"ImageObject\",\"inLanguage\":\"ca\",\"@id\":\"https:\\\/\\\/katsf.es\\\/ca\\\/vidres-a-la-sang-fragments-de-lesdevenir-2022\\\/#primaryimage\",\"url\":\"https:\\\/\\\/katsf.es\\\/wp-content\\\/uploads\\\/2022\\\/07\\\/a4107399368_10.jpg\",\"contentUrl\":\"https:\\\/\\\/katsf.es\\\/wp-content\\\/uploads\\\/2022\\\/07\\\/a4107399368_10.jpg\",\"width\":1200,\"height\":1200},{\"@type\":\"BreadcrumbList\",\"@id\":\"https:\\\/\\\/katsf.es\\\/ca\\\/vidres-a-la-sang-fragments-de-lesdevenir-2022\\\/#breadcrumb\",\"itemListElement\":[{\"@type\":\"ListItem\",\"position\":1,\"name\":\"Portada\",\"item\":\"https:\\\/\\\/katsf.es\\\/ca\\\/\"},{\"@type\":\"ListItem\",\"position\":2,\"name\":\"VIDRES A LA SANG \u2018FRAGMENTS DE L\u2019ESDEVENIR\u2019 (2022)\"}]},{\"@type\":\"WebSite\",\"@id\":\"https:\\\/\\\/katsf.es\\\/ca\\\/#website\",\"url\":\"https:\\\/\\\/katsf.es\\\/ca\\\/\",\"name\":\"VAL\u00c8NCIA&#039;N&#039;METAL por Kat SF\",\"description\":\"entrevistas l\u00edderes y profesionales del campo musical\",\"potentialAction\":[{\"@type\":\"SearchAction\",\"target\":{\"@type\":\"EntryPoint\",\"urlTemplate\":\"https:\\\/\\\/katsf.es\\\/ca\\\/?s={search_term_string}\"},\"query-input\":{\"@type\":\"PropertyValueSpecification\",\"valueRequired\":true,\"valueName\":\"search_term_string\"}}],\"inLanguage\":\"ca\"},{\"@type\":\"Person\",\"@id\":\"https:\\\/\\\/katsf.es\\\/ca\\\/#\\\/schema\\\/person\\\/ae87ba84066f0d2230e0d5cbf3d3600d\",\"name\":\"Kat SF\",\"image\":{\"@type\":\"ImageObject\",\"inLanguage\":\"ca\",\"@id\":\"https:\\\/\\\/secure.gravatar.com\\\/avatar\\\/1c9ffa80d9da8dfa7be1bd38f3a50e6db4e4c328bd5c984ac5a4c2d3486a11c2?s=96&d=mm&r=g\",\"url\":\"https:\\\/\\\/secure.gravatar.com\\\/avatar\\\/1c9ffa80d9da8dfa7be1bd38f3a50e6db4e4c328bd5c984ac5a4c2d3486a11c2?s=96&d=mm&r=g\",\"contentUrl\":\"https:\\\/\\\/secure.gravatar.com\\\/avatar\\\/1c9ffa80d9da8dfa7be1bd38f3a50e6db4e4c328bd5c984ac5a4c2d3486a11c2?s=96&d=mm&r=g\",\"caption\":\"Kat SF\"},\"url\":\"https:\\\/\\\/katsf.es\\\/ca\\\/author\\\/kath-es-fusgmail-com\\\/\"}]}<\/script>\n<!-- \/ Yoast SEO plugin. -->","yoast_head_json":{"title":"VIDRES A LA SANG \u2018FRAGMENTS DE L\u2019ESDEVENIR\u2019 (2022) - VAL\u00c8NCIA&#039;N&#039;METAL por Kat SF","description":"Kat S.F. et porta les seues impressions sobre el cinqu\u00e8 disc d\u2019estudi dels catalans Vidres a la Sang \u2018Fragments de L\u2019esdevenir\u2019","robots":{"index":"index","follow":"follow","max-snippet":"max-snippet:-1","max-image-preview":"max-image-preview:large","max-video-preview":"max-video-preview:-1"},"canonical":"https:\/\/katsf.es\/ca\/vidres-a-la-sang-fragments-de-lesdevenir-2022\/","og_locale":"ca_ES","og_type":"article","og_title":"VIDRES A LA SANG \u2018FRAGMENTS DE L\u2019ESDEVENIR\u2019 (2022) - VAL\u00c8NCIA&#039;N&#039;METAL por Kat SF","og_description":"Kat S.F. et porta les seues impressions sobre el cinqu\u00e8 disc d\u2019estudi dels catalans Vidres a la Sang \u2018Fragments de L\u2019esdevenir\u2019","og_url":"https:\/\/katsf.es\/ca\/vidres-a-la-sang-fragments-de-lesdevenir-2022\/","og_site_name":"VAL\u00c8NCIA&#039;N&#039;METAL por Kat SF","article_published_time":"2022-07-13T09:39:00+00:00","article_modified_time":"2022-07-14T09:19:01+00:00","og_image":[{"width":1200,"height":1200,"url":"https:\/\/katsf.es\/wp-content\/uploads\/2022\/07\/a4107399368_10.jpg","type":"image\/jpeg"}],"author":"Kat SF","twitter_card":"summary_large_image","twitter_misc":{"Escrit per":"Kat SF","Temps estimat de lectura":"7 minuts"},"schema":{"@context":"https:\/\/schema.org","@graph":[{"@type":"Article","@id":"https:\/\/katsf.es\/ca\/vidres-a-la-sang-fragments-de-lesdevenir-2022\/#article","isPartOf":{"@id":"https:\/\/katsf.es\/ca\/vidres-a-la-sang-fragments-de-lesdevenir-2022\/"},"author":{"name":"Kat SF","@id":"https:\/\/katsf.es\/ca\/#\/schema\/person\/ae87ba84066f0d2230e0d5cbf3d3600d"},"headline":"VIDRES A LA SANG \u2018FRAGMENTS DE L\u2019ESDEVENIR\u2019 (2022)","datePublished":"2022-07-13T09:39:00+00:00","dateModified":"2022-07-14T09:19:01+00:00","mainEntityOfPage":{"@id":"https:\/\/katsf.es\/ca\/vidres-a-la-sang-fragments-de-lesdevenir-2022\/"},"wordCount":1594,"image":{"@id":"https:\/\/katsf.es\/ca\/vidres-a-la-sang-fragments-de-lesdevenir-2022\/#primaryimage"},"thumbnailUrl":"https:\/\/katsf.es\/wp-content\/uploads\/2022\/07\/a4107399368_10.jpg","keywords":["2022","black","catalunya","death","disc nou","fragments","kat sf","l'esdevenir","metal","ressenya","vidres a la sang"],"articleSection":["Cr\u00f2nica i Ressenyes de discos"],"inLanguage":"ca"},{"@type":"WebPage","@id":"https:\/\/katsf.es\/ca\/vidres-a-la-sang-fragments-de-lesdevenir-2022\/","url":"https:\/\/katsf.es\/ca\/vidres-a-la-sang-fragments-de-lesdevenir-2022\/","name":"VIDRES A LA SANG \u2018FRAGMENTS DE L\u2019ESDEVENIR\u2019 (2022) - VAL\u00c8NCIA&#039;N&#039;METAL por Kat SF","isPartOf":{"@id":"https:\/\/katsf.es\/ca\/#website"},"primaryImageOfPage":{"@id":"https:\/\/katsf.es\/ca\/vidres-a-la-sang-fragments-de-lesdevenir-2022\/#primaryimage"},"image":{"@id":"https:\/\/katsf.es\/ca\/vidres-a-la-sang-fragments-de-lesdevenir-2022\/#primaryimage"},"thumbnailUrl":"https:\/\/katsf.es\/wp-content\/uploads\/2022\/07\/a4107399368_10.jpg","datePublished":"2022-07-13T09:39:00+00:00","dateModified":"2022-07-14T09:19:01+00:00","author":{"@id":"https:\/\/katsf.es\/ca\/#\/schema\/person\/ae87ba84066f0d2230e0d5cbf3d3600d"},"description":"Kat S.F. et porta les seues impressions sobre el cinqu\u00e8 disc d\u2019estudi dels catalans Vidres a la Sang \u2018Fragments de L\u2019esdevenir\u2019","breadcrumb":{"@id":"https:\/\/katsf.es\/ca\/vidres-a-la-sang-fragments-de-lesdevenir-2022\/#breadcrumb"},"inLanguage":"ca","potentialAction":[{"@type":"ReadAction","target":["https:\/\/katsf.es\/ca\/vidres-a-la-sang-fragments-de-lesdevenir-2022\/"]}]},{"@type":"ImageObject","inLanguage":"ca","@id":"https:\/\/katsf.es\/ca\/vidres-a-la-sang-fragments-de-lesdevenir-2022\/#primaryimage","url":"https:\/\/katsf.es\/wp-content\/uploads\/2022\/07\/a4107399368_10.jpg","contentUrl":"https:\/\/katsf.es\/wp-content\/uploads\/2022\/07\/a4107399368_10.jpg","width":1200,"height":1200},{"@type":"BreadcrumbList","@id":"https:\/\/katsf.es\/ca\/vidres-a-la-sang-fragments-de-lesdevenir-2022\/#breadcrumb","itemListElement":[{"@type":"ListItem","position":1,"name":"Portada","item":"https:\/\/katsf.es\/ca\/"},{"@type":"ListItem","position":2,"name":"VIDRES A LA SANG \u2018FRAGMENTS DE L\u2019ESDEVENIR\u2019 (2022)"}]},{"@type":"WebSite","@id":"https:\/\/katsf.es\/ca\/#website","url":"https:\/\/katsf.es\/ca\/","name":"VAL\u00c8NCIA&#039;N&#039;METAL por Kat SF","description":"entrevistas l\u00edderes y profesionales del campo musical","potentialAction":[{"@type":"SearchAction","target":{"@type":"EntryPoint","urlTemplate":"https:\/\/katsf.es\/ca\/?s={search_term_string}"},"query-input":{"@type":"PropertyValueSpecification","valueRequired":true,"valueName":"search_term_string"}}],"inLanguage":"ca"},{"@type":"Person","@id":"https:\/\/katsf.es\/ca\/#\/schema\/person\/ae87ba84066f0d2230e0d5cbf3d3600d","name":"Kat SF","image":{"@type":"ImageObject","inLanguage":"ca","@id":"https:\/\/secure.gravatar.com\/avatar\/1c9ffa80d9da8dfa7be1bd38f3a50e6db4e4c328bd5c984ac5a4c2d3486a11c2?s=96&d=mm&r=g","url":"https:\/\/secure.gravatar.com\/avatar\/1c9ffa80d9da8dfa7be1bd38f3a50e6db4e4c328bd5c984ac5a4c2d3486a11c2?s=96&d=mm&r=g","contentUrl":"https:\/\/secure.gravatar.com\/avatar\/1c9ffa80d9da8dfa7be1bd38f3a50e6db4e4c328bd5c984ac5a4c2d3486a11c2?s=96&d=mm&r=g","caption":"Kat SF"},"url":"https:\/\/katsf.es\/ca\/author\/kath-es-fusgmail-com\/"}]}},"_links":{"self":[{"href":"https:\/\/katsf.es\/ca\/wp-json\/wp\/v2\/posts\/2705","targetHints":{"allow":["GET"]}}],"collection":[{"href":"https:\/\/katsf.es\/ca\/wp-json\/wp\/v2\/posts"}],"about":[{"href":"https:\/\/katsf.es\/ca\/wp-json\/wp\/v2\/types\/post"}],"author":[{"embeddable":true,"href":"https:\/\/katsf.es\/ca\/wp-json\/wp\/v2\/users\/2"}],"replies":[{"embeddable":true,"href":"https:\/\/katsf.es\/ca\/wp-json\/wp\/v2\/comments?post=2705"}],"version-history":[{"count":7,"href":"https:\/\/katsf.es\/ca\/wp-json\/wp\/v2\/posts\/2705\/revisions"}],"predecessor-version":[{"id":2718,"href":"https:\/\/katsf.es\/ca\/wp-json\/wp\/v2\/posts\/2705\/revisions\/2718"}],"wp:featuredmedia":[{"embeddable":true,"href":"https:\/\/katsf.es\/ca\/wp-json\/wp\/v2\/media\/2706"}],"wp:attachment":[{"href":"https:\/\/katsf.es\/ca\/wp-json\/wp\/v2\/media?parent=2705"}],"wp:term":[{"taxonomy":"category","embeddable":true,"href":"https:\/\/katsf.es\/ca\/wp-json\/wp\/v2\/categories?post=2705"},{"taxonomy":"post_tag","embeddable":true,"href":"https:\/\/katsf.es\/ca\/wp-json\/wp\/v2\/tags?post=2705"}],"curies":[{"name":"wp","href":"https:\/\/api.w.org\/{rel}","templated":true}]}}