{"id":2816,"date":"2022-10-12T20:00:11","date_gmt":"2022-10-12T18:00:11","guid":{"rendered":"https:\/\/katsf.es\/?p=2816"},"modified":"2023-03-31T14:45:46","modified_gmt":"2023-03-31T12:45:46","slug":"entrevista-a-vidres-a-la-sang","status":"publish","type":"post","link":"https:\/\/katsf.es\/ca\/entrevista-a-vidres-a-la-sang\/","title":{"rendered":"ENTREVISTA A VIDRES A LA SANG"},"content":{"rendered":"<p><img loading=\"lazy\" decoding=\"async\" class=\" wp-image-2817 aligncenter\" src=\"https:\/\/katsf.es\/wp-content\/uploads\/2022\/10\/280155184_5032721613479360_2615128979452811379_n-300x300.jpg\" alt=\"\" width=\"326\" height=\"326\" \/><\/p>\n<p><span style=\"color: #000000;\">Com ja vaig dir far\u00e0 mesos al fer la ressenya del disc <em>Fragments de L\u2019Esdevenir<\/em> de <strong>VIDRES A LA SANG<\/strong>, la ra\u00f3 per la qual una banda cessa la seua activitat musical, pot tenir moltes raons les quals seran m\u00e9s o menys acceptades pel p\u00fablic. Aix\u00ed doncs quan es decideix ressuscitar, com l\u2019Au F\u00e8nix anys i panys despr\u00e9s, hem de dir que la reacci\u00f3 ser\u00e0 en tots els casos la mateixa: commoci\u00f3.<\/span><\/p>\n<p><span style=\"color: #000000;\">Per tant, en lloc de estar especulant amb \u2018dites i desdites\u2019 la millor soluci\u00f3 que hi ha \u00e9s preguntar als implicats.<\/span><\/p>\n<p><span style=\"color: #000000;\"><strong>VALENCIA &#8216;N&#8217; METAL AROUND THE WORLD<\/strong> inaugura la temporada d\u2019entrevistes amb l\u2019<strong>Eloi Boucherie<\/strong>, l\u00edder, veus i guitarres dels catalans <strong>VIDRES A LA SANG<\/strong> amb el qual em reunisc de manera telef\u00f2nica per a qu\u00e8 em conteste a diverses q\u00fcestions.<\/span><\/p>\n<p><span style=\"color: #000000;\">Ac\u00ed teniu l\u2019enlla\u00e7 a l\u2019entrevista.<\/span><\/p>\n<p><span style=\"color: #000000;\">Clikeu i disfruteu.<\/span><\/p>\n<audio class=\"wp-audio-shortcode\" id=\"audio-2816-1\" preload=\"none\" style=\"width: 100%;\" controls=\"controls\"><source type=\"audio\/mpeg\" src=\"https:\/\/katsf.es\/wp-content\/uploads\/2022\/10\/Eloi-Boucherie-3.mp3?_=1\" \/><a href=\"https:\/\/katsf.es\/wp-content\/uploads\/2022\/10\/Eloi-Boucherie-3.mp3\">https:\/\/katsf.es\/wp-content\/uploads\/2022\/10\/Eloi-Boucherie-3.mp3<\/a><\/audio>\n<p>&nbsp;<\/p>\n<p><img loading=\"lazy\" decoding=\"async\" class=\" wp-image-2710 aligncenter\" src=\"https:\/\/katsf.es\/wp-content\/uploads\/2022\/07\/baixa.jpg\" alt=\"\" width=\"305\" height=\"274\" \/><\/p>\n<p><span style=\"color: #000000;\"><strong>VIDRES A LA SANG<\/strong> en <strong>RRSS<\/strong><\/span><\/p>\n<p><span style=\"color: #000000;\"><strong>Facebook<\/strong><\/span><\/p>\n<p><a href=\"https:\/\/www.facebook.com\/vidresalasang\/\">https:\/\/www.facebook.com\/vidresalasang\/<\/a><\/p>\n<p><span style=\"color: #000000;\"><strong>Instagram<\/strong><\/span><\/p>\n<p><a href=\"https:\/\/www.instagram.com\/vidres_a_la_sang\/\">https:\/\/www.instagram.com\/vidres_a_la_sang\/<\/a><\/p>\n<p><span style=\"color: #000000;\"><strong>Youtube<\/strong><\/span><\/p>\n<p><a href=\"https:\/\/www.youtube.com\/channel\/UCWWnWo4E1RqWDOX4-y1jwfQ\/featured\/featured\">https:\/\/www.youtube.com\/channel\/UCWWnWo4E1RqWDOX4-y1jwfQ\/featured\/featured<\/a><\/p>\n","protected":false},"excerpt":{"rendered":"<p>VALENCIA\u2019N\u2019METAL AROUND THE WORLD obre la seua tercera temporada entrevistant a l\u2019Eloi Boucherie, l\u00edder i veus dels catalans VIDRES A LA SANG per a que ens comente com ha sigut la seua retornada al circu\u00eft musical catal\u00e0.<br \/>\nPunxa en el link per a saber qu\u00e8 ens ha contat!<\/p>\n","protected":false},"author":2,"featured_media":2817,"comment_status":"closed","ping_status":"open","sticky":false,"template":"","format":"standard","meta":{"_et_pb_use_builder":"","_et_pb_old_content":"","_et_gb_content_width":"","footnotes":""},"categories":[35],"tags":[725,724,653,526,652,744,72,722,454,723,721],"class_list":["post-2816","post","type-post","status-publish","format-standard","has-post-thumbnail","hentry","category-entrevistes-audio","tag-2022-ca","tag-black-ca","tag-catalunya","tag-death-ca","tag-disc-nou","tag-eloi-boucherie","tag-entrevista-ca","tag-fragments","tag-kat-sf-ca","tag-lesdevenir","tag-vidres-a-la-sang"],"yoast_head":"<!-- This site is optimized with the Yoast SEO plugin v28.3 - https:\/\/yoast.com\/product\/yoast-seo-wordpress\/ -->\n<title>ENTREVISTA A VIDRES A LA SANG - VAL\u00c8NCIA&#039;N&#039;METAL por Kat SF<\/title>\n<meta name=\"description\" content=\"Kat S.F. entrevista a Eloi Boucherie de Vidres A La Sang que contar\u00e0 com a estat la rebuda del seu nou disc \u2018Fragments de L\u2019Esdevenir\u2019\" \/>\n<meta name=\"robots\" content=\"index, follow, max-snippet:-1, max-image-preview:large, max-video-preview:-1\" \/>\n<link rel=\"canonical\" href=\"https:\/\/katsf.es\/ca\/entrevista-a-vidres-a-la-sang\/\" \/>\n<meta property=\"og:locale\" content=\"ca_ES\" \/>\n<meta property=\"og:type\" content=\"article\" \/>\n<meta property=\"og:title\" content=\"ENTREVISTA A VIDRES A LA SANG - VAL\u00c8NCIA&#039;N&#039;METAL por Kat SF\" \/>\n<meta property=\"og:description\" content=\"Kat S.F. entrevista a Eloi Boucherie de Vidres A La Sang que contar\u00e0 com a estat la rebuda del seu nou disc \u2018Fragments de L\u2019Esdevenir\u2019\" \/>\n<meta property=\"og:url\" content=\"https:\/\/katsf.es\/ca\/entrevista-a-vidres-a-la-sang\/\" \/>\n<meta property=\"og:site_name\" content=\"VAL\u00c8NCIA&#039;N&#039;METAL por Kat SF\" \/>\n<meta property=\"article:published_time\" content=\"2022-10-12T18:00:11+00:00\" \/>\n<meta property=\"article:modified_time\" content=\"2023-03-31T12:45:46+00:00\" \/>\n<meta property=\"og:image\" content=\"https:\/\/katsf.es\/wp-content\/uploads\/2022\/10\/280155184_5032721613479360_2615128979452811379_n.jpg\" \/>\n\t<meta property=\"og:image:width\" content=\"1200\" \/>\n\t<meta property=\"og:image:height\" content=\"1200\" \/>\n\t<meta property=\"og:image:type\" content=\"image\/jpeg\" \/>\n<meta name=\"author\" content=\"Kat SF\" \/>\n<meta name=\"twitter:card\" content=\"summary_large_image\" \/>\n<meta name=\"twitter:label1\" content=\"Escrit per\" \/>\n\t<meta name=\"twitter:data1\" content=\"Kat SF\" \/>\n\t<meta name=\"twitter:label2\" content=\"Temps estimat de lectura\" \/>\n\t<meta name=\"twitter:data2\" content=\"2 minuts\" \/>\n<script type=\"application\/ld+json\" class=\"yoast-schema-graph\">{\"@context\":\"https:\\\/\\\/schema.org\",\"@graph\":[{\"@type\":\"Article\",\"@id\":\"https:\\\/\\\/katsf.es\\\/ca\\\/entrevista-a-vidres-a-la-sang\\\/#article\",\"isPartOf\":{\"@id\":\"https:\\\/\\\/katsf.es\\\/ca\\\/entrevista-a-vidres-a-la-sang\\\/\"},\"author\":{\"name\":\"Kat SF\",\"@id\":\"https:\\\/\\\/katsf.es\\\/ca\\\/#\\\/schema\\\/person\\\/ae87ba84066f0d2230e0d5cbf3d3600d\"},\"headline\":\"ENTREVISTA A VIDRES A LA SANG\",\"datePublished\":\"2022-10-12T18:00:11+00:00\",\"dateModified\":\"2023-03-31T12:45:46+00:00\",\"mainEntityOfPage\":{\"@id\":\"https:\\\/\\\/katsf.es\\\/ca\\\/entrevista-a-vidres-a-la-sang\\\/\"},\"wordCount\":204,\"image\":{\"@id\":\"https:\\\/\\\/katsf.es\\\/ca\\\/entrevista-a-vidres-a-la-sang\\\/#primaryimage\"},\"thumbnailUrl\":\"https:\\\/\\\/katsf.es\\\/wp-content\\\/uploads\\\/2022\\\/10\\\/280155184_5032721613479360_2615128979452811379_n.jpg\",\"keywords\":[\"2022\",\"black\",\"catalunya\",\"death\",\"disc nou\",\"eloi boucherie\",\"entrevista\",\"fragments\",\"kat sf\",\"l'esdevenir\",\"vidres a la sang\"],\"articleSection\":[\"Entrevistes Audio\"],\"inLanguage\":\"ca\"},{\"@type\":\"WebPage\",\"@id\":\"https:\\\/\\\/katsf.es\\\/ca\\\/entrevista-a-vidres-a-la-sang\\\/\",\"url\":\"https:\\\/\\\/katsf.es\\\/ca\\\/entrevista-a-vidres-a-la-sang\\\/\",\"name\":\"ENTREVISTA A VIDRES A LA SANG - VAL\u00c8NCIA&#039;N&#039;METAL por Kat SF\",\"isPartOf\":{\"@id\":\"https:\\\/\\\/katsf.es\\\/ca\\\/#website\"},\"primaryImageOfPage\":{\"@id\":\"https:\\\/\\\/katsf.es\\\/ca\\\/entrevista-a-vidres-a-la-sang\\\/#primaryimage\"},\"image\":{\"@id\":\"https:\\\/\\\/katsf.es\\\/ca\\\/entrevista-a-vidres-a-la-sang\\\/#primaryimage\"},\"thumbnailUrl\":\"https:\\\/\\\/katsf.es\\\/wp-content\\\/uploads\\\/2022\\\/10\\\/280155184_5032721613479360_2615128979452811379_n.jpg\",\"datePublished\":\"2022-10-12T18:00:11+00:00\",\"dateModified\":\"2023-03-31T12:45:46+00:00\",\"author\":{\"@id\":\"https:\\\/\\\/katsf.es\\\/ca\\\/#\\\/schema\\\/person\\\/ae87ba84066f0d2230e0d5cbf3d3600d\"},\"description\":\"Kat S.F. entrevista a Eloi Boucherie de Vidres A La Sang que contar\u00e0 com a estat la rebuda del seu nou disc \u2018Fragments de L\u2019Esdevenir\u2019\",\"breadcrumb\":{\"@id\":\"https:\\\/\\\/katsf.es\\\/ca\\\/entrevista-a-vidres-a-la-sang\\\/#breadcrumb\"},\"inLanguage\":\"ca\",\"potentialAction\":[{\"@type\":\"ReadAction\",\"target\":[\"https:\\\/\\\/katsf.es\\\/ca\\\/entrevista-a-vidres-a-la-sang\\\/\"]}]},{\"@type\":\"ImageObject\",\"inLanguage\":\"ca\",\"@id\":\"https:\\\/\\\/katsf.es\\\/ca\\\/entrevista-a-vidres-a-la-sang\\\/#primaryimage\",\"url\":\"https:\\\/\\\/katsf.es\\\/wp-content\\\/uploads\\\/2022\\\/10\\\/280155184_5032721613479360_2615128979452811379_n.jpg\",\"contentUrl\":\"https:\\\/\\\/katsf.es\\\/wp-content\\\/uploads\\\/2022\\\/10\\\/280155184_5032721613479360_2615128979452811379_n.jpg\",\"width\":1200,\"height\":1200},{\"@type\":\"BreadcrumbList\",\"@id\":\"https:\\\/\\\/katsf.es\\\/ca\\\/entrevista-a-vidres-a-la-sang\\\/#breadcrumb\",\"itemListElement\":[{\"@type\":\"ListItem\",\"position\":1,\"name\":\"Portada\",\"item\":\"https:\\\/\\\/katsf.es\\\/ca\\\/\"},{\"@type\":\"ListItem\",\"position\":2,\"name\":\"ENTREVISTA A VIDRES A LA SANG\"}]},{\"@type\":\"WebSite\",\"@id\":\"https:\\\/\\\/katsf.es\\\/ca\\\/#website\",\"url\":\"https:\\\/\\\/katsf.es\\\/ca\\\/\",\"name\":\"VAL\u00c8NCIA&#039;N&#039;METAL por Kat SF\",\"description\":\"entrevistas l\u00edderes y profesionales del campo musical\",\"potentialAction\":[{\"@type\":\"SearchAction\",\"target\":{\"@type\":\"EntryPoint\",\"urlTemplate\":\"https:\\\/\\\/katsf.es\\\/ca\\\/?s={search_term_string}\"},\"query-input\":{\"@type\":\"PropertyValueSpecification\",\"valueRequired\":true,\"valueName\":\"search_term_string\"}}],\"inLanguage\":\"ca\"},{\"@type\":\"Person\",\"@id\":\"https:\\\/\\\/katsf.es\\\/ca\\\/#\\\/schema\\\/person\\\/ae87ba84066f0d2230e0d5cbf3d3600d\",\"name\":\"Kat SF\",\"image\":{\"@type\":\"ImageObject\",\"inLanguage\":\"ca\",\"@id\":\"https:\\\/\\\/secure.gravatar.com\\\/avatar\\\/1c9ffa80d9da8dfa7be1bd38f3a50e6db4e4c328bd5c984ac5a4c2d3486a11c2?s=96&d=mm&r=g\",\"url\":\"https:\\\/\\\/secure.gravatar.com\\\/avatar\\\/1c9ffa80d9da8dfa7be1bd38f3a50e6db4e4c328bd5c984ac5a4c2d3486a11c2?s=96&d=mm&r=g\",\"contentUrl\":\"https:\\\/\\\/secure.gravatar.com\\\/avatar\\\/1c9ffa80d9da8dfa7be1bd38f3a50e6db4e4c328bd5c984ac5a4c2d3486a11c2?s=96&d=mm&r=g\",\"caption\":\"Kat SF\"},\"url\":\"https:\\\/\\\/katsf.es\\\/ca\\\/author\\\/kath-es-fusgmail-com\\\/\"}]}<\/script>\n<!-- \/ Yoast SEO plugin. -->","yoast_head_json":{"title":"ENTREVISTA A VIDRES A LA SANG - VAL\u00c8NCIA&#039;N&#039;METAL por Kat SF","description":"Kat S.F. entrevista a Eloi Boucherie de Vidres A La Sang que contar\u00e0 com a estat la rebuda del seu nou disc \u2018Fragments de L\u2019Esdevenir\u2019","robots":{"index":"index","follow":"follow","max-snippet":"max-snippet:-1","max-image-preview":"max-image-preview:large","max-video-preview":"max-video-preview:-1"},"canonical":"https:\/\/katsf.es\/ca\/entrevista-a-vidres-a-la-sang\/","og_locale":"ca_ES","og_type":"article","og_title":"ENTREVISTA A VIDRES A LA SANG - VAL\u00c8NCIA&#039;N&#039;METAL por Kat SF","og_description":"Kat S.F. entrevista a Eloi Boucherie de Vidres A La Sang que contar\u00e0 com a estat la rebuda del seu nou disc \u2018Fragments de L\u2019Esdevenir\u2019","og_url":"https:\/\/katsf.es\/ca\/entrevista-a-vidres-a-la-sang\/","og_site_name":"VAL\u00c8NCIA&#039;N&#039;METAL por Kat SF","article_published_time":"2022-10-12T18:00:11+00:00","article_modified_time":"2023-03-31T12:45:46+00:00","og_image":[{"width":1200,"height":1200,"url":"https:\/\/katsf.es\/wp-content\/uploads\/2022\/10\/280155184_5032721613479360_2615128979452811379_n.jpg","type":"image\/jpeg"}],"author":"Kat SF","twitter_card":"summary_large_image","twitter_misc":{"Escrit per":"Kat SF","Temps estimat de lectura":"2 minuts"},"schema":{"@context":"https:\/\/schema.org","@graph":[{"@type":"Article","@id":"https:\/\/katsf.es\/ca\/entrevista-a-vidres-a-la-sang\/#article","isPartOf":{"@id":"https:\/\/katsf.es\/ca\/entrevista-a-vidres-a-la-sang\/"},"author":{"name":"Kat SF","@id":"https:\/\/katsf.es\/ca\/#\/schema\/person\/ae87ba84066f0d2230e0d5cbf3d3600d"},"headline":"ENTREVISTA A VIDRES A LA SANG","datePublished":"2022-10-12T18:00:11+00:00","dateModified":"2023-03-31T12:45:46+00:00","mainEntityOfPage":{"@id":"https:\/\/katsf.es\/ca\/entrevista-a-vidres-a-la-sang\/"},"wordCount":204,"image":{"@id":"https:\/\/katsf.es\/ca\/entrevista-a-vidres-a-la-sang\/#primaryimage"},"thumbnailUrl":"https:\/\/katsf.es\/wp-content\/uploads\/2022\/10\/280155184_5032721613479360_2615128979452811379_n.jpg","keywords":["2022","black","catalunya","death","disc nou","eloi boucherie","entrevista","fragments","kat sf","l'esdevenir","vidres a la sang"],"articleSection":["Entrevistes Audio"],"inLanguage":"ca"},{"@type":"WebPage","@id":"https:\/\/katsf.es\/ca\/entrevista-a-vidres-a-la-sang\/","url":"https:\/\/katsf.es\/ca\/entrevista-a-vidres-a-la-sang\/","name":"ENTREVISTA A VIDRES A LA SANG - VAL\u00c8NCIA&#039;N&#039;METAL por Kat SF","isPartOf":{"@id":"https:\/\/katsf.es\/ca\/#website"},"primaryImageOfPage":{"@id":"https:\/\/katsf.es\/ca\/entrevista-a-vidres-a-la-sang\/#primaryimage"},"image":{"@id":"https:\/\/katsf.es\/ca\/entrevista-a-vidres-a-la-sang\/#primaryimage"},"thumbnailUrl":"https:\/\/katsf.es\/wp-content\/uploads\/2022\/10\/280155184_5032721613479360_2615128979452811379_n.jpg","datePublished":"2022-10-12T18:00:11+00:00","dateModified":"2023-03-31T12:45:46+00:00","author":{"@id":"https:\/\/katsf.es\/ca\/#\/schema\/person\/ae87ba84066f0d2230e0d5cbf3d3600d"},"description":"Kat S.F. entrevista a Eloi Boucherie de Vidres A La Sang que contar\u00e0 com a estat la rebuda del seu nou disc \u2018Fragments de L\u2019Esdevenir\u2019","breadcrumb":{"@id":"https:\/\/katsf.es\/ca\/entrevista-a-vidres-a-la-sang\/#breadcrumb"},"inLanguage":"ca","potentialAction":[{"@type":"ReadAction","target":["https:\/\/katsf.es\/ca\/entrevista-a-vidres-a-la-sang\/"]}]},{"@type":"ImageObject","inLanguage":"ca","@id":"https:\/\/katsf.es\/ca\/entrevista-a-vidres-a-la-sang\/#primaryimage","url":"https:\/\/katsf.es\/wp-content\/uploads\/2022\/10\/280155184_5032721613479360_2615128979452811379_n.jpg","contentUrl":"https:\/\/katsf.es\/wp-content\/uploads\/2022\/10\/280155184_5032721613479360_2615128979452811379_n.jpg","width":1200,"height":1200},{"@type":"BreadcrumbList","@id":"https:\/\/katsf.es\/ca\/entrevista-a-vidres-a-la-sang\/#breadcrumb","itemListElement":[{"@type":"ListItem","position":1,"name":"Portada","item":"https:\/\/katsf.es\/ca\/"},{"@type":"ListItem","position":2,"name":"ENTREVISTA A VIDRES A LA SANG"}]},{"@type":"WebSite","@id":"https:\/\/katsf.es\/ca\/#website","url":"https:\/\/katsf.es\/ca\/","name":"VAL\u00c8NCIA&#039;N&#039;METAL por Kat SF","description":"entrevistas l\u00edderes y profesionales del campo musical","potentialAction":[{"@type":"SearchAction","target":{"@type":"EntryPoint","urlTemplate":"https:\/\/katsf.es\/ca\/?s={search_term_string}"},"query-input":{"@type":"PropertyValueSpecification","valueRequired":true,"valueName":"search_term_string"}}],"inLanguage":"ca"},{"@type":"Person","@id":"https:\/\/katsf.es\/ca\/#\/schema\/person\/ae87ba84066f0d2230e0d5cbf3d3600d","name":"Kat SF","image":{"@type":"ImageObject","inLanguage":"ca","@id":"https:\/\/secure.gravatar.com\/avatar\/1c9ffa80d9da8dfa7be1bd38f3a50e6db4e4c328bd5c984ac5a4c2d3486a11c2?s=96&d=mm&r=g","url":"https:\/\/secure.gravatar.com\/avatar\/1c9ffa80d9da8dfa7be1bd38f3a50e6db4e4c328bd5c984ac5a4c2d3486a11c2?s=96&d=mm&r=g","contentUrl":"https:\/\/secure.gravatar.com\/avatar\/1c9ffa80d9da8dfa7be1bd38f3a50e6db4e4c328bd5c984ac5a4c2d3486a11c2?s=96&d=mm&r=g","caption":"Kat SF"},"url":"https:\/\/katsf.es\/ca\/author\/kath-es-fusgmail-com\/"}]}},"_links":{"self":[{"href":"https:\/\/katsf.es\/ca\/wp-json\/wp\/v2\/posts\/2816","targetHints":{"allow":["GET"]}}],"collection":[{"href":"https:\/\/katsf.es\/ca\/wp-json\/wp\/v2\/posts"}],"about":[{"href":"https:\/\/katsf.es\/ca\/wp-json\/wp\/v2\/types\/post"}],"author":[{"embeddable":true,"href":"https:\/\/katsf.es\/ca\/wp-json\/wp\/v2\/users\/2"}],"replies":[{"embeddable":true,"href":"https:\/\/katsf.es\/ca\/wp-json\/wp\/v2\/comments?post=2816"}],"version-history":[{"count":4,"href":"https:\/\/katsf.es\/ca\/wp-json\/wp\/v2\/posts\/2816\/revisions"}],"predecessor-version":[{"id":2826,"href":"https:\/\/katsf.es\/ca\/wp-json\/wp\/v2\/posts\/2816\/revisions\/2826"}],"wp:featuredmedia":[{"embeddable":true,"href":"https:\/\/katsf.es\/ca\/wp-json\/wp\/v2\/media\/2817"}],"wp:attachment":[{"href":"https:\/\/katsf.es\/ca\/wp-json\/wp\/v2\/media?parent=2816"}],"wp:term":[{"taxonomy":"category","embeddable":true,"href":"https:\/\/katsf.es\/ca\/wp-json\/wp\/v2\/categories?post=2816"},{"taxonomy":"post_tag","embeddable":true,"href":"https:\/\/katsf.es\/ca\/wp-json\/wp\/v2\/tags?post=2816"}],"curies":[{"name":"wp","href":"https:\/\/api.w.org\/{rel}","templated":true}]}}