{"id":3069,"date":"2023-05-18T11:57:21","date_gmt":"2023-05-18T09:57:21","guid":{"rendered":"https:\/\/katsf.es\/?p=3069"},"modified":"2023-05-19T14:41:27","modified_gmt":"2023-05-19T12:41:27","slug":"entrevista-amb-xnervix-reus-castellvell","status":"publish","type":"post","link":"https:\/\/katsf.es\/ca\/entrevista-amb-xnervix-reus-castellvell\/","title":{"rendered":"ENTREVISTA AMB xNERVIx (REUS, CASTELLVELL)"},"content":{"rendered":"<p><img loading=\"lazy\" decoding=\"async\" class=\" wp-image-3073 aligncenter\" src=\"https:\/\/katsf.es\/wp-content\/uploads\/2023\/05\/logo-1-300x155.jpg\" alt=\"\" width=\"486\" height=\"251\" srcset=\"https:\/\/katsf.es\/wp-content\/uploads\/2023\/05\/logo-1-300x155.jpg 486w, https:\/\/katsf.es\/wp-content\/uploads\/2023\/05\/logo-1-480x248.jpg 480w\" sizes=\"(min-width: 0px) and (max-width: 480px) 480px, (min-width: 481px) 486px, 100vw\" \/><\/p>\n<p><span style=\"color: #000000;\">Quan ens trobem amb una banda de nova formaci\u00f3, tenim tend\u00e8ncia a voler saber qui conforma aquesta agrupaci\u00f3, el seu estil i sobre qu\u00e8 canten. La banda que hui entrevistem al nostre portal de <strong>V\u2019N\u2019MATW<\/strong>, tal vegada s\u00f3n nous pel que respecta naixement i estil per\u00f2 no ho s\u00f3n a nivell intern. Quan donem una ullada a les fotos, a qui primer reconeixer\u00e0 molta de l\u2019audi\u00e8ncia \u00e9s a <strong>Marc Cabildo<\/strong> <em>a.k.a<strong>.<\/strong><\/em> <strong>Marc Grindcore<\/strong> per ser un veter\u00e0 polifac\u00e8tic m\u00fasic a dins de la escena extrema catalana i arxiconegut per la seua relaci\u00f3 amb bandes com <strong>Mixomatosis<\/strong>, <strong>Pornocaust<\/strong>, <strong>Sang<\/strong> o <strong>Serrando Codos<\/strong> per nomenar-ne algunes.<\/span><\/p>\n<p><span style=\"color: #000000;\">Aix\u00ed doncs, a mitjans del 2022 es crea <strong>xNERVIx<\/strong>, que junta a <strong>Marc<\/strong>, <strong>Jordi<\/strong>, <strong>Emilio<\/strong> i <strong>Enric<\/strong> per a crear un nou terrabastall sonor i punyent, el qual una Servidora no dubtat en deixar passar.<\/span><\/p>\n<p><span style=\"color: #000000;\"><em><strong>K: En primer lloc, moltes gr\u00e0cies per poder atendre les preguntes de V\u2019N\u2019MATW. Abans d\u2019entrar en mat\u00e8ria, m\u2019agradaria si pot ser que us presentareu cada membre de la banda i ens digu\u00e9reu quin paper teniu a dins i a quines bandes heu estat o continueu lligats per a que els nostres lectors us coneguen millor.<\/strong><\/em><\/span><\/p>\n<p><span style=\"color: #000000;\">Marc: Hola, <strong>xNERVIx<\/strong> el formem: Emilio al baix, Enric a les guitarres, Jordi veus i jo, Marc, a la bateria i veus. Per la meva part bandes\/projectes en les que estic militant o he estat: <strong>Mixomatosis<\/strong> (Raw Grind), <strong>V\u00f2mits<\/strong> (Noisecore), <strong>Nurzan<\/strong> (Grind Noise, HC), <strong>Mundo Mutante<\/strong> (Grindhardcore), <strong>Porket Grinder<\/strong> (GrindHC), <strong>Serrando Codos<\/strong> (Noisecore), <strong>Brutal Noise<\/strong> (Noisecore), <strong>Pozilga<\/strong> (Noisecore), <strong>Ments Manipulades<\/strong> (Grindcore), <strong>Nuclear Assao<\/strong> ( Noisecore), <strong>Kafka<\/strong> (Grindcore\/noise), <strong>Nens de Venus<\/strong> (GrindHC\/Punk), <strong>Squzz<\/strong> (GorrinoGoreGrind), <strong>Pornocaust<\/strong> (GorrinoGoreGrind), <strong>Cannibal Motivation<\/strong> (Goregrind), <strong>Noiseabundos<\/strong> (Noisecore), <strong>Mind Fucking Mind<\/strong> (Powerviolence\/Fastcore), <strong>Moshturbaci\u00f3n<\/strong> (Goregrind), <strong>Final Cunt<\/strong> (NoiseGrind), <strong>ED-Gein<\/strong> (Noisecore), <strong>Diagn\u00f2stic Cr\u00edtic<\/strong> (Grind), <strong>PxUxSx<\/strong> (Sludge Goregrind)&#8230; i un llarg etc.<\/span><\/p>\n<p><span style=\"color: #000000;\">Jordi: Jo anteriorment he tocat la guitarra juntament amb l\u2019Enric amb la banda de Hardcore\/Metal <strong>xREPRIEVEx<\/strong> i he sigut vocalista de la banda de Streetpunk <strong>Sang Freda<\/strong>.<\/span><\/p>\n<p><span style=\"color: #000000;\">Emilio: Jo s\u00f3c el que tinc menys experi\u00e8ncia i solament vaig tocar abans de <strong>xNERVIx<\/strong> a una banda de Punk que es deia <strong>La Karaja<\/strong>, per\u00f2 d&#8217;aix\u00f2 fa molts anys.<\/span><\/p>\n<p><span style=\"color: #000000;\"><strong><em>K: Doncs ara que ja ens coneixem, entrem al tema. Qu\u00e8 us fa unir-vos en aquesta nova experi\u00e8ncia? Qu\u00e8 voleu expressar amb xNERVIx? <\/em><\/strong><\/span><\/p>\n<p><span style=\"color: #000000;\">Marc: Volem expressar-nos sobre tot all\u00f2 que ens oprimeix, la lluita del dia a dia. Pensaments similars, germanor i ganes de fer una bona gresca auditiva, diversi\u00f3, passar una bona estona entre amics, treure adrenalina i marxar cap a casa despr\u00e9s d\u2019una desc\u00e0rrega de soroll ben satisfets.<\/span><\/p>\n<p><span style=\"color: #000000;\">Emilio: Les ganes de cridar, de fer soroll i vomitar tota la r\u00e0bia que portem dins.<\/span><\/p>\n<p><span style=\"color: #000000;\"><strong><em>K: La vostra descripci\u00f3 musical, \u00e9s sincerament parlant, la m\u00e9s excitant que he vist en anys. I use la paraula \u2018excitant\u2019 perqu\u00e8 quan ja portem tants anys a l\u2019escena i quasi sempre veient els mateixos estils manits i remanits que s\u00f3n una c\u00f2pia de una c\u00f2pia degradada i que no aporten res a la causa; el fet de vore en el mateix lloc FastCore, Antifascism Noise i P<\/em><\/strong><strong><em>\u00f8<\/em><\/strong><\/span><span style=\"color: #000000;\"><strong><em>werviolence, nom\u00e9s pot ser sin\u00f2nim de tralla bona. Voldr\u00edeu explicar-me la ra\u00f3 dels tres estils i qu\u00e8 aporten cadasc\u00fa a la vostra visi\u00f3 musical?<\/em><\/strong><\/span><\/p>\n<p><span style=\"color: #000000;\">Marc: Intentem fer un estil propi a dins del Fastcore\/Powerviolence\/Fast Hardcore, una barreja dels estils adaptada a nosaltres: Antifascist Noise (soroll Antifeixista) directe a la cara. La idea \u00e9s tocar r\u00e0pid i expressar-nos cridant i escopint la r\u00e0bia que tenim dins contra tot l\u2019Estat i cia.<\/span><\/p>\n<p><span style=\"color: #000000;\"><strong><em>K: I sobre qu\u00e8 soleu parlar a les vostres can\u00e7ons? Perqu\u00e8 amb el que ha dit Marc, teniu molt on elegir.<\/em><\/strong><\/span><\/p>\n<p><span style=\"color: #000000;\">Jordi: Les nostres lletres s\u00f3n de cr\u00edtica a tot lo que humilment pensem que s\u2019ha de canviar. Estem vivint temps molt convulsos, on tot passa massa r\u00e0pid. L\u2019egocentrisme est\u00e0 a l\u2019ordre del dia, la manipulaci\u00f3 informativa per part de les corporacions que controlen els mitjans de comunicaci\u00f3 aniquilant el pensament cr\u00edtic, la destrucci\u00f3 del planeta per culpa la barbaritat capitalista, etc..<\/span><\/p>\n<p><span style=\"color: #000000;\"><strong><em>K: S\u00f3n temes molt profunds, tot siga dit. Dir que gen\u00e8ricament parlant us mour\u00edeu a dins del Punk de tem\u00e0tica social seria encertat o no?<\/em><\/strong><\/span><\/p>\n<p><span style=\"color: #000000;\">Marc: S\u00ed, aix\u00f2 mateix. La tem\u00e0tica de les nostres lletres \u00e9s el reflex de la nostra actitud d\u2019arrel Punk, Hardcore i Grindcore pol\u00edtic-social.<\/span><\/p>\n<p><span style=\"color: #000000;\"><strong><em>K: Com a veterans a dins de l\u2019escena extrema catalana, tant a nivell de m\u00fasics com de consumidors; les bandes que practiquen estils tan concrets com ara el vostre o el Grindcore, creieu que es veuen obligades sense voler a quedar-se a dins de l\u2019Underground o \u00e9s on millor s\u2019hi troben?<\/em><\/strong><\/span><\/p>\n<p><span style=\"color: #000000;\">Marc: Nosaltres estem dins de l\u2019Underground i aqu\u00ed ens quedem, \u00e9s l\u2019ess\u00e8ncia\/actitud des que es varen crear aquests estils i aqu\u00ed seguirem fins que no puguem m\u00e9s, sigui amb la banda que sigui en la que estiguem tocant. El nostre estil Fastcore com el Grindcore, \u00e9s underground.<\/span><\/p>\n<p><span style=\"color: #000000;\">Jordi: Creiem en el treball comunitari, l\u2019autogesti\u00f3 i el <em>fes-t\u2019ho tu mateix (DIY)<\/em> i tal i com ha comentat el company Marc, som fills del Punk, per\u00f2 del Punk real i creiem que com a tal som un impacte frontal amb l\u2019escena comercial que volen vendre\u2019ns quatre discogr\u00e0fiques que es pugen al carro per exprimir-te, convertir-te en un producte per a la seva conveni\u00e8ncia i llen\u00e7ar-te al contenidor de l\u2019oblit.<\/span><\/p>\n<div id=\"attachment_3086\" style=\"width: 429px\" class=\"wp-caption alignleft\"><img loading=\"lazy\" decoding=\"async\" aria-describedby=\"caption-attachment-3086\" class=\"wp-image-3086\" src=\"https:\/\/katsf.es\/wp-content\/uploads\/2023\/05\/Sin-titulorth-257x300.jpg\" alt=\"\" width=\"419\" height=\"489\" \/><p id=\"caption-attachment-3086\" class=\"wp-caption-text\"><span style=\"color: #000000;\"><strong>xNERVIx<\/strong><\/span><\/p><\/div>\n<p><span style=\"color: #000000;\"><strong><em>K: N\u2019estic completament d\u2019acord i m\u2019agrada molt que hagueu desmarcat el Punk Real de altres intents PseudoPunk, ja que moltes de les bandes que practiquen aquest g\u00e8nere, una vegada entren al Sistema imposat per les discogr\u00e0fiques i comencen a tenir diners, perden tot el sentit que tenien, senzillament perqu\u00e8 ja no tenen contra qu\u00e8 queixar-se. I dit a\u00e7\u00f2, en general com veieu la escena extrema catalana? Hi ha algun grup que us agrade en particular actualment o tots fan el mateix?<\/em><\/strong><\/span><\/p>\n<p><span style=\"color: #000000;\">Marc: L\u2019Escena Catalana&#8230; doncs com sempre: aguantant. Hi ha bandes que desapareixen i bandes que surten de nou, o membres de bandes que s\u2019han dissolt i en munten una de nova, per\u00f2 hi ha moviment i aix\u00f2 \u00e9s el que interessa, que no pari la m\u00e0quina. Hi ha molts grups bons, sempre n\u2019hi ha hagut. Ara han sortit bastants grups de Doom.<\/span><\/p>\n<p><span style=\"color: #000000;\">Emilio: Dintre de l\u2019Underground catal\u00e0 crec que hi ha bastant moviment i sempre estan sortint bones bandes de Grind, Death, Doom, Punk&#8230; De Reus destacaria als nostres amics de <strong>Sota Terra<\/strong>.<\/span><\/p>\n<p><span style=\"color: #000000;\"><strong><em>K: Marc, en xNERVIx, et fas c\u00e0rrec de la bateria, instrument que jo ja t\u2019havia vist tocar a Sang i a Ments Manipulades fa molts anys. Quan comences a donar-li a les baquetes? Cantes al mateix temps quan \u00e9s necessari o fas cors?<\/em><\/strong><\/span><\/p>\n<p><span style=\"color: #000000;\">Marc: Vaig comen\u00e7ar a fer soroll amb la bateria en projectes de Noisecore\/Punkgrind\/Goregrind alguns com: <strong>Like<\/strong><strong> Righteous Pigs<\/strong>, <strong>Cannibal<\/strong><strong> Motivation<\/strong>, <strong>Hormobion<\/strong>&#8230; Sobre 1993 i 1994, des de llavors no havia tocat m\u00e9s la bateria, tampoc sabia tocar (rialles) Vaig comen\u00e7ar m\u00e9s seriosament fent el que podia, quan a <strong>Mixomatosis<\/strong> ens v\u00e0rem quedar com a duet en Lozano \u201cDeath\u201d i jo, sobre finals 2009 \/ principis 2010 i fins al 2012. Aqu\u00ed \u00e9s quan tenia que tocar s\u00ed o s\u00ed per poder tirar endavant la banda, i vaig comen\u00e7ar a donar-li a les baquetes i seguint berrejant al mateix temps. Aquest va ser el contacte definitiu on em vaig iniciar del tot&#8230; Al 2013 aproximadament, J. Bonillo (ex-<strong>Mixomatosis<\/strong>) em diu de fer una banda amb el seu fill i aix\u00ed iniciem <strong>Ments Manipulades<\/strong> on segueixo sentat a les bateries i com a segona veu. Ara des del 2022 segueixo sentat amb <strong>xNERVIx<\/strong> amb les baquetes a les mans i com a segona veu de la banda.<\/span><\/p>\n<p><span style=\"color: #000000;\"><strong><em>K: Aix\u00ed veiem que hi ha una veu l\u00edder, que \u00e9s en Jordi per\u00f2 tamb\u00e9 poden cantar els dem\u00e9s membres, tal i com posa al line up on a part de dir quin instrument toca cadasc\u00fa, tamb\u00e9 hi posa \u2018veus\u2019. Aix\u00ed doncs, com ho feu per a decidir qui canta qu\u00e8 quan \u00e9s necessari? <\/em><\/strong><\/span><\/p>\n<p><span style=\"color: #000000;\">Marc: El vocalista principal \u00e9s en Jordi, Emilio de tant en tant fa alguns cors i jo com a segona veu.<\/span><\/p>\n<p><span style=\"color: #000000;\">Jordi i Emilio escriuen les lletres, despr\u00e9s al local d\u2019assaig fem els riffs, i Jordi va estructurant les veus i ens anem repartint els crits conforme anem acabant la can\u00e7\u00f3.<\/span><\/p>\n<p><span style=\"color: #000000;\"><strong><em>K: M\u2019he adonat que les vostres can\u00e7ons s\u00f3n triling\u00fces: \u00e9s a dir que useu tant el catal\u00e0, com el castell\u00e0 com l\u2019angl\u00e8s. Em podeu dir per qu\u00e8?<\/em><\/strong><\/span><\/p>\n<p><span style=\"color: #000000;\">Jordi: El principal objectiu \u00e9s que el nostre missatge arribi a quantes m\u00e9s persones millor. La llengua \u00e9s el mitj\u00e0. Aix\u00ed que com a tal ens \u00e9s bastant igual, com ens surt \u00e9s com queda. Sense m\u00e9s.<\/span><\/p>\n<p><span style=\"color: #000000;\"><strong><em>K: De tots els temes, el que m\u00e9s m\u2019ha cridat l\u2019atenci\u00f3 ha sigut \u2018Vegan Zombies\u2019, el qual no he pogut evitar relacionar amb el \u2018Canivegan Corpse\u2019<\/em><\/strong> <strong><em>que Avulsed va editar fa anys al seu darrer disc d\u2019estudi. Parleu-me un poc d\u2019esta can\u00e7\u00f3<\/em><\/strong>.<\/span><\/p>\n<p><span style=\"color: #000000;\">Jordi: El tema \u00e9s que ens mola molt\u00edssim el rotllo dels zombies i les pelis de S\u00e8rie B. Com dos membres de la banda som vegans vam voler escriure un tema a mitges amb l\u2019esl\u00f2gan: <em>\u201cEls zombies vegans no mengen cervells, els zombies vegans mengen cereals\u201d <\/em><\/span><\/p>\n<p><span style=\"color: #000000;\"><strong><em>K: La veritat \u00e9s que es un tema molt guay, s\u00faper Punk, r\u00e0pid i prou brut. El vostre Split de presentaci\u00f3 va eixir el passat mes de setembre juntament amb un live show de 2018 dels Agathocles. Com va ser rebut pel p\u00fablic?<\/em><\/strong><\/span><\/p>\n<p><span style=\"color: #000000;\">Marc: Doncs molt b\u00e9. Vam treure la demo totalment DIY via Bandcamp i en format f\u00edsic: un 7\u201dEp lathe cut amb els nostres germans <strong>Agathocles<\/strong>. La resposta va ser molt bona i nosaltres n\u2019estem molt contents.<\/span><\/p>\n<p><span style=\"color: #000000;\"><strong><em>K: I teniu nou material llest per a la gravaci\u00f3 d\u2019un disc sencer o encara \u00e9s prompte? Fareu primer alguns shows o preferiu traure el debut abans?<\/em><\/strong><\/span><\/p>\n<p><span style=\"color: #000000;\">Marc: Ja tenim preparat tot el que ser\u00e0 la nostra pr\u00f2xima gravaci\u00f3. Estem mirant on gravar i en quin format es podria editar, amb ganes de que sigui amb vinil. <\/span><span style=\"color: #000000;\">No esperarem a tenir m\u00e9s material al carrer, ja estem preparats per tocar en directe i estem coordinant els primers shows que ens han oferit per la desc\u00e0rrega de soroll.<\/span><\/p>\n<p><span style=\"color: #000000;\"><strong><em>K: Doncs ja hi ha ganes de vore-vos, perqu\u00e8 la vostra proposta \u00e9s molt fresca. Si voleu afegir alguna cosa m\u00e9s, endavant!<\/em><\/strong><\/span><\/p>\n<p><span style=\"color: #000000;\">Marc: Moltes gr\u00e0cies, Kat per l\u2019entrevista i per comptar amb nosaltres en el teu espai. Espero veure\u2019ns aviat en alguns dels shows de <strong>xNERVIx<\/strong> o disfrutant d\u2019alguna que altra banda de soroll.<\/span><\/p>\n<p><span style=\"color: #000000;\">Emilio: Nom\u00e9s dir a la gent que tots junts fem l\u2019escena m\u00e9s forta, que donin suport a les bandes, fanzines, segells&#8230;<\/span><\/p>\n<p><span style=\"color: #000000;\">Jordi: Molt\u00edssimes gr\u00e0cies per comptar amb nosaltres. Play Fast or Die.<\/span><\/p>\n<p><span style=\"color: #000000;\"><strong><em>K: A vosaltres. Moltes gr\u00e0cies per tot.<\/em><\/strong><\/span><\/p>\n<p><span style=\"color: #000000;\"><strong>xNERVIx<\/strong> a les <strong>RRSS<\/strong><\/span><\/p>\n<p><span style=\"color: #000000;\"><strong>Facebook<\/strong><\/span><\/p>\n<p><a href=\"https:\/\/www.facebook.com\/xnervifastcorex\/?locale=en_GB\">https:\/\/www.facebook.com\/xnervifastcorex\/?locale=en_GB<\/a><\/p>\n<p><span style=\"color: #000000;\"><strong>Instagram<\/strong><\/span><\/p>\n<p><a href=\"https:\/\/www.instagram.com\/xnervix\/\">https:\/\/www.instagram.com\/xnervix\/<\/a><\/p>\n<p><span style=\"color: #000000;\"><strong>Bandcamp<\/strong><\/span><\/p>\n<p><a href=\"https:\/\/xnervix.bandcamp.com\/\">https:\/\/xnervix.bandcamp.com\/<\/a><\/p>\n<p><strong><span style=\"color: #000000;\">Foto banda: IG oficial<\/span><\/strong><\/p>\n","protected":false},"excerpt":{"rendered":"<p>Trobar-nos amb agrupacions noves, sempre omple de alegria els cors d\u2019aquells que sempre busquem emocions diferents i sobre tot innovadores. Aix\u00ed que si ets d\u2019aquest tipus de gent, uneix-te a VALENCIA\u2019N\u2019METAL AROUND THE WORLD per a descobrir als catalans xNERVIx. De segur que no deixen a ning\u00fa indiferent.<br \/>\nSegueix llegint per a saber-ne m\u00e9s!<\/p>\n","protected":false},"author":2,"featured_media":3073,"comment_status":"closed","ping_status":"open","sticky":false,"template":"","format":"standard","meta":{"_et_pb_use_builder":"","_et_pb_old_content":"","_et_gb_content_width":"","footnotes":""},"categories":[36],"tags":[822,824,653,825,72,820,454,821,826,823,819],"class_list":["post-3069","post","type-post","status-publish","format-standard","has-post-thumbnail","hentry","category-entrevistes-escrites","tag-antifascim-noise","tag-castellvell","tag-catalunya","tag-conciencia-social","tag-entrevista-ca","tag-fastcore","tag-kat-sf-ca","tag-powerviolence","tag-punk-ca","tag-reus","tag-xnervix"],"yoast_head":"<!-- This site is optimized with the Yoast SEO plugin v28.3 - https:\/\/yoast.com\/product\/yoast-seo-wordpress\/ -->\n<title>ENTREVISTA AMB xNERVIx (REUS, CASTELLVELL) - VAL\u00c8NCIA&#039;N&#039;METAL por Kat SF<\/title>\n<meta name=\"description\" content=\"Kat S.F. entrevista als catalns FastCore xNERVIx, que ens parlaran de la seua proposta i intencions futures tan de disc com de directes.\" \/>\n<meta name=\"robots\" content=\"index, follow, max-snippet:-1, max-image-preview:large, max-video-preview:-1\" \/>\n<link rel=\"canonical\" href=\"https:\/\/katsf.es\/ca\/entrevista-amb-xnervix-reus-castellvell\/\" \/>\n<meta property=\"og:locale\" content=\"ca_ES\" \/>\n<meta property=\"og:type\" content=\"article\" \/>\n<meta property=\"og:title\" content=\"ENTREVISTA AMB xNERVIx (REUS, CASTELLVELL) - VAL\u00c8NCIA&#039;N&#039;METAL por Kat SF\" \/>\n<meta property=\"og:description\" content=\"Kat S.F. entrevista als catalns FastCore xNERVIx, que ens parlaran de la seua proposta i intencions futures tan de disc com de directes.\" \/>\n<meta property=\"og:url\" content=\"https:\/\/katsf.es\/ca\/entrevista-amb-xnervix-reus-castellvell\/\" \/>\n<meta property=\"og:site_name\" content=\"VAL\u00c8NCIA&#039;N&#039;METAL por Kat SF\" \/>\n<meta property=\"article:published_time\" content=\"2023-05-18T09:57:21+00:00\" \/>\n<meta property=\"article:modified_time\" content=\"2023-05-19T12:41:27+00:00\" \/>\n<meta property=\"og:image\" content=\"https:\/\/katsf.es\/wp-content\/uploads\/2023\/05\/logo-1.jpg\" \/>\n\t<meta property=\"og:image:width\" content=\"665\" \/>\n\t<meta property=\"og:image:height\" content=\"343\" \/>\n\t<meta property=\"og:image:type\" content=\"image\/jpeg\" \/>\n<meta name=\"author\" content=\"Kat SF\" \/>\n<meta name=\"twitter:card\" content=\"summary_large_image\" \/>\n<meta name=\"twitter:label1\" content=\"Escrit per\" \/>\n\t<meta name=\"twitter:data1\" content=\"Kat SF\" \/>\n\t<meta name=\"twitter:label2\" content=\"Temps estimat de lectura\" \/>\n\t<meta name=\"twitter:data2\" content=\"9 minuts\" \/>\n<script type=\"application\/ld+json\" class=\"yoast-schema-graph\">{\"@context\":\"https:\\\/\\\/schema.org\",\"@graph\":[{\"@type\":\"Article\",\"@id\":\"https:\\\/\\\/katsf.es\\\/ca\\\/entrevista-amb-xnervix-reus-castellvell\\\/#article\",\"isPartOf\":{\"@id\":\"https:\\\/\\\/katsf.es\\\/ca\\\/entrevista-amb-xnervix-reus-castellvell\\\/\"},\"author\":{\"name\":\"Kat SF\",\"@id\":\"https:\\\/\\\/katsf.es\\\/ca\\\/#\\\/schema\\\/person\\\/ae87ba84066f0d2230e0d5cbf3d3600d\"},\"headline\":\"ENTREVISTA AMB xNERVIx (REUS, CASTELLVELL)\",\"datePublished\":\"2023-05-18T09:57:21+00:00\",\"dateModified\":\"2023-05-19T12:41:27+00:00\",\"mainEntityOfPage\":{\"@id\":\"https:\\\/\\\/katsf.es\\\/ca\\\/entrevista-amb-xnervix-reus-castellvell\\\/\"},\"wordCount\":1944,\"image\":{\"@id\":\"https:\\\/\\\/katsf.es\\\/ca\\\/entrevista-amb-xnervix-reus-castellvell\\\/#primaryimage\"},\"thumbnailUrl\":\"https:\\\/\\\/katsf.es\\\/wp-content\\\/uploads\\\/2023\\\/05\\\/logo-1.jpg\",\"keywords\":[\"antifascim noise\",\"castellvell\",\"catalunya\",\"conciencia social\",\"entrevista\",\"fastcore\",\"kat sf\",\"powerviolence\",\"punk\",\"reus\",\"xNERVIx\"],\"articleSection\":[\"Entrevistes Escrites\"],\"inLanguage\":\"ca\"},{\"@type\":\"WebPage\",\"@id\":\"https:\\\/\\\/katsf.es\\\/ca\\\/entrevista-amb-xnervix-reus-castellvell\\\/\",\"url\":\"https:\\\/\\\/katsf.es\\\/ca\\\/entrevista-amb-xnervix-reus-castellvell\\\/\",\"name\":\"ENTREVISTA AMB xNERVIx (REUS, CASTELLVELL) - VAL\u00c8NCIA&#039;N&#039;METAL por Kat SF\",\"isPartOf\":{\"@id\":\"https:\\\/\\\/katsf.es\\\/ca\\\/#website\"},\"primaryImageOfPage\":{\"@id\":\"https:\\\/\\\/katsf.es\\\/ca\\\/entrevista-amb-xnervix-reus-castellvell\\\/#primaryimage\"},\"image\":{\"@id\":\"https:\\\/\\\/katsf.es\\\/ca\\\/entrevista-amb-xnervix-reus-castellvell\\\/#primaryimage\"},\"thumbnailUrl\":\"https:\\\/\\\/katsf.es\\\/wp-content\\\/uploads\\\/2023\\\/05\\\/logo-1.jpg\",\"datePublished\":\"2023-05-18T09:57:21+00:00\",\"dateModified\":\"2023-05-19T12:41:27+00:00\",\"author\":{\"@id\":\"https:\\\/\\\/katsf.es\\\/ca\\\/#\\\/schema\\\/person\\\/ae87ba84066f0d2230e0d5cbf3d3600d\"},\"description\":\"Kat S.F. entrevista als catalns FastCore xNERVIx, que ens parlaran de la seua proposta i intencions futures tan de disc com de directes.\",\"breadcrumb\":{\"@id\":\"https:\\\/\\\/katsf.es\\\/ca\\\/entrevista-amb-xnervix-reus-castellvell\\\/#breadcrumb\"},\"inLanguage\":\"ca\",\"potentialAction\":[{\"@type\":\"ReadAction\",\"target\":[\"https:\\\/\\\/katsf.es\\\/ca\\\/entrevista-amb-xnervix-reus-castellvell\\\/\"]}]},{\"@type\":\"ImageObject\",\"inLanguage\":\"ca\",\"@id\":\"https:\\\/\\\/katsf.es\\\/ca\\\/entrevista-amb-xnervix-reus-castellvell\\\/#primaryimage\",\"url\":\"https:\\\/\\\/katsf.es\\\/wp-content\\\/uploads\\\/2023\\\/05\\\/logo-1.jpg\",\"contentUrl\":\"https:\\\/\\\/katsf.es\\\/wp-content\\\/uploads\\\/2023\\\/05\\\/logo-1.jpg\",\"width\":665,\"height\":343},{\"@type\":\"BreadcrumbList\",\"@id\":\"https:\\\/\\\/katsf.es\\\/ca\\\/entrevista-amb-xnervix-reus-castellvell\\\/#breadcrumb\",\"itemListElement\":[{\"@type\":\"ListItem\",\"position\":1,\"name\":\"Portada\",\"item\":\"https:\\\/\\\/katsf.es\\\/ca\\\/\"},{\"@type\":\"ListItem\",\"position\":2,\"name\":\"ENTREVISTA AMB xNERVIx (REUS, CASTELLVELL)\"}]},{\"@type\":\"WebSite\",\"@id\":\"https:\\\/\\\/katsf.es\\\/ca\\\/#website\",\"url\":\"https:\\\/\\\/katsf.es\\\/ca\\\/\",\"name\":\"VAL\u00c8NCIA&#039;N&#039;METAL por Kat SF\",\"description\":\"entrevistas l\u00edderes y profesionales del campo musical\",\"potentialAction\":[{\"@type\":\"SearchAction\",\"target\":{\"@type\":\"EntryPoint\",\"urlTemplate\":\"https:\\\/\\\/katsf.es\\\/ca\\\/?s={search_term_string}\"},\"query-input\":{\"@type\":\"PropertyValueSpecification\",\"valueRequired\":true,\"valueName\":\"search_term_string\"}}],\"inLanguage\":\"ca\"},{\"@type\":\"Person\",\"@id\":\"https:\\\/\\\/katsf.es\\\/ca\\\/#\\\/schema\\\/person\\\/ae87ba84066f0d2230e0d5cbf3d3600d\",\"name\":\"Kat SF\",\"image\":{\"@type\":\"ImageObject\",\"inLanguage\":\"ca\",\"@id\":\"https:\\\/\\\/secure.gravatar.com\\\/avatar\\\/1c9ffa80d9da8dfa7be1bd38f3a50e6db4e4c328bd5c984ac5a4c2d3486a11c2?s=96&d=mm&r=g\",\"url\":\"https:\\\/\\\/secure.gravatar.com\\\/avatar\\\/1c9ffa80d9da8dfa7be1bd38f3a50e6db4e4c328bd5c984ac5a4c2d3486a11c2?s=96&d=mm&r=g\",\"contentUrl\":\"https:\\\/\\\/secure.gravatar.com\\\/avatar\\\/1c9ffa80d9da8dfa7be1bd38f3a50e6db4e4c328bd5c984ac5a4c2d3486a11c2?s=96&d=mm&r=g\",\"caption\":\"Kat SF\"},\"url\":\"https:\\\/\\\/katsf.es\\\/ca\\\/author\\\/kath-es-fusgmail-com\\\/\"}]}<\/script>\n<!-- \/ Yoast SEO plugin. -->","yoast_head_json":{"title":"ENTREVISTA AMB xNERVIx (REUS, CASTELLVELL) - VAL\u00c8NCIA&#039;N&#039;METAL por Kat SF","description":"Kat S.F. entrevista als catalns FastCore xNERVIx, que ens parlaran de la seua proposta i intencions futures tan de disc com de directes.","robots":{"index":"index","follow":"follow","max-snippet":"max-snippet:-1","max-image-preview":"max-image-preview:large","max-video-preview":"max-video-preview:-1"},"canonical":"https:\/\/katsf.es\/ca\/entrevista-amb-xnervix-reus-castellvell\/","og_locale":"ca_ES","og_type":"article","og_title":"ENTREVISTA AMB xNERVIx (REUS, CASTELLVELL) - VAL\u00c8NCIA&#039;N&#039;METAL por Kat SF","og_description":"Kat S.F. entrevista als catalns FastCore xNERVIx, que ens parlaran de la seua proposta i intencions futures tan de disc com de directes.","og_url":"https:\/\/katsf.es\/ca\/entrevista-amb-xnervix-reus-castellvell\/","og_site_name":"VAL\u00c8NCIA&#039;N&#039;METAL por Kat SF","article_published_time":"2023-05-18T09:57:21+00:00","article_modified_time":"2023-05-19T12:41:27+00:00","og_image":[{"width":665,"height":343,"url":"https:\/\/katsf.es\/wp-content\/uploads\/2023\/05\/logo-1.jpg","type":"image\/jpeg"}],"author":"Kat SF","twitter_card":"summary_large_image","twitter_misc":{"Escrit per":"Kat SF","Temps estimat de lectura":"9 minuts"},"schema":{"@context":"https:\/\/schema.org","@graph":[{"@type":"Article","@id":"https:\/\/katsf.es\/ca\/entrevista-amb-xnervix-reus-castellvell\/#article","isPartOf":{"@id":"https:\/\/katsf.es\/ca\/entrevista-amb-xnervix-reus-castellvell\/"},"author":{"name":"Kat SF","@id":"https:\/\/katsf.es\/ca\/#\/schema\/person\/ae87ba84066f0d2230e0d5cbf3d3600d"},"headline":"ENTREVISTA AMB xNERVIx (REUS, CASTELLVELL)","datePublished":"2023-05-18T09:57:21+00:00","dateModified":"2023-05-19T12:41:27+00:00","mainEntityOfPage":{"@id":"https:\/\/katsf.es\/ca\/entrevista-amb-xnervix-reus-castellvell\/"},"wordCount":1944,"image":{"@id":"https:\/\/katsf.es\/ca\/entrevista-amb-xnervix-reus-castellvell\/#primaryimage"},"thumbnailUrl":"https:\/\/katsf.es\/wp-content\/uploads\/2023\/05\/logo-1.jpg","keywords":["antifascim noise","castellvell","catalunya","conciencia social","entrevista","fastcore","kat sf","powerviolence","punk","reus","xNERVIx"],"articleSection":["Entrevistes Escrites"],"inLanguage":"ca"},{"@type":"WebPage","@id":"https:\/\/katsf.es\/ca\/entrevista-amb-xnervix-reus-castellvell\/","url":"https:\/\/katsf.es\/ca\/entrevista-amb-xnervix-reus-castellvell\/","name":"ENTREVISTA AMB xNERVIx (REUS, CASTELLVELL) - VAL\u00c8NCIA&#039;N&#039;METAL por Kat SF","isPartOf":{"@id":"https:\/\/katsf.es\/ca\/#website"},"primaryImageOfPage":{"@id":"https:\/\/katsf.es\/ca\/entrevista-amb-xnervix-reus-castellvell\/#primaryimage"},"image":{"@id":"https:\/\/katsf.es\/ca\/entrevista-amb-xnervix-reus-castellvell\/#primaryimage"},"thumbnailUrl":"https:\/\/katsf.es\/wp-content\/uploads\/2023\/05\/logo-1.jpg","datePublished":"2023-05-18T09:57:21+00:00","dateModified":"2023-05-19T12:41:27+00:00","author":{"@id":"https:\/\/katsf.es\/ca\/#\/schema\/person\/ae87ba84066f0d2230e0d5cbf3d3600d"},"description":"Kat S.F. entrevista als catalns FastCore xNERVIx, que ens parlaran de la seua proposta i intencions futures tan de disc com de directes.","breadcrumb":{"@id":"https:\/\/katsf.es\/ca\/entrevista-amb-xnervix-reus-castellvell\/#breadcrumb"},"inLanguage":"ca","potentialAction":[{"@type":"ReadAction","target":["https:\/\/katsf.es\/ca\/entrevista-amb-xnervix-reus-castellvell\/"]}]},{"@type":"ImageObject","inLanguage":"ca","@id":"https:\/\/katsf.es\/ca\/entrevista-amb-xnervix-reus-castellvell\/#primaryimage","url":"https:\/\/katsf.es\/wp-content\/uploads\/2023\/05\/logo-1.jpg","contentUrl":"https:\/\/katsf.es\/wp-content\/uploads\/2023\/05\/logo-1.jpg","width":665,"height":343},{"@type":"BreadcrumbList","@id":"https:\/\/katsf.es\/ca\/entrevista-amb-xnervix-reus-castellvell\/#breadcrumb","itemListElement":[{"@type":"ListItem","position":1,"name":"Portada","item":"https:\/\/katsf.es\/ca\/"},{"@type":"ListItem","position":2,"name":"ENTREVISTA AMB xNERVIx (REUS, CASTELLVELL)"}]},{"@type":"WebSite","@id":"https:\/\/katsf.es\/ca\/#website","url":"https:\/\/katsf.es\/ca\/","name":"VAL\u00c8NCIA&#039;N&#039;METAL por Kat SF","description":"entrevistas l\u00edderes y profesionales del campo musical","potentialAction":[{"@type":"SearchAction","target":{"@type":"EntryPoint","urlTemplate":"https:\/\/katsf.es\/ca\/?s={search_term_string}"},"query-input":{"@type":"PropertyValueSpecification","valueRequired":true,"valueName":"search_term_string"}}],"inLanguage":"ca"},{"@type":"Person","@id":"https:\/\/katsf.es\/ca\/#\/schema\/person\/ae87ba84066f0d2230e0d5cbf3d3600d","name":"Kat SF","image":{"@type":"ImageObject","inLanguage":"ca","@id":"https:\/\/secure.gravatar.com\/avatar\/1c9ffa80d9da8dfa7be1bd38f3a50e6db4e4c328bd5c984ac5a4c2d3486a11c2?s=96&d=mm&r=g","url":"https:\/\/secure.gravatar.com\/avatar\/1c9ffa80d9da8dfa7be1bd38f3a50e6db4e4c328bd5c984ac5a4c2d3486a11c2?s=96&d=mm&r=g","contentUrl":"https:\/\/secure.gravatar.com\/avatar\/1c9ffa80d9da8dfa7be1bd38f3a50e6db4e4c328bd5c984ac5a4c2d3486a11c2?s=96&d=mm&r=g","caption":"Kat SF"},"url":"https:\/\/katsf.es\/ca\/author\/kath-es-fusgmail-com\/"}]}},"_links":{"self":[{"href":"https:\/\/katsf.es\/ca\/wp-json\/wp\/v2\/posts\/3069","targetHints":{"allow":["GET"]}}],"collection":[{"href":"https:\/\/katsf.es\/ca\/wp-json\/wp\/v2\/posts"}],"about":[{"href":"https:\/\/katsf.es\/ca\/wp-json\/wp\/v2\/types\/post"}],"author":[{"embeddable":true,"href":"https:\/\/katsf.es\/ca\/wp-json\/wp\/v2\/users\/2"}],"replies":[{"embeddable":true,"href":"https:\/\/katsf.es\/ca\/wp-json\/wp\/v2\/comments?post=3069"}],"version-history":[{"count":9,"href":"https:\/\/katsf.es\/ca\/wp-json\/wp\/v2\/posts\/3069\/revisions"}],"predecessor-version":[{"id":3093,"href":"https:\/\/katsf.es\/ca\/wp-json\/wp\/v2\/posts\/3069\/revisions\/3093"}],"wp:featuredmedia":[{"embeddable":true,"href":"https:\/\/katsf.es\/ca\/wp-json\/wp\/v2\/media\/3073"}],"wp:attachment":[{"href":"https:\/\/katsf.es\/ca\/wp-json\/wp\/v2\/media?parent=3069"}],"wp:term":[{"taxonomy":"category","embeddable":true,"href":"https:\/\/katsf.es\/ca\/wp-json\/wp\/v2\/categories?post=3069"},{"taxonomy":"post_tag","embeddable":true,"href":"https:\/\/katsf.es\/ca\/wp-json\/wp\/v2\/tags?post=3069"}],"curies":[{"name":"wp","href":"https:\/\/api.w.org\/{rel}","templated":true}]}}