{"id":3730,"date":"2024-09-01T14:49:29","date_gmt":"2024-09-01T12:49:29","guid":{"rendered":"https:\/\/katsf.es\/?p=3730"},"modified":"2024-09-01T14:49:29","modified_gmt":"2024-09-01T12:49:29","slug":"entrevista-amb-j-de-jade-catalunya","status":"publish","type":"post","link":"https:\/\/katsf.es\/ca\/entrevista-amb-j-de-jade-catalunya\/","title":{"rendered":"ENTREVISTA AMB J. DE JADE (CATALUNYA)"},"content":{"rendered":"<p><img loading=\"lazy\" decoding=\"async\" class=\" wp-image-3726 aligncenter\" src=\"https:\/\/katsf.es\/wp-content\/uploads\/2024\/08\/logo-copia-274x300.jpg\" alt=\"\" width=\"351\" height=\"384\" \/><\/p>\n<p><span style=\"color: #000000;\">Fa molts anys, per a ser exactes m\u00e9s de deu, quan el meu radiozine estava en marxa, vaig tenir la immensa oportunitat d\u2019entrevistar a <strong>Fiar<\/strong>, l\u00edder indiscutible dels catalans <strong>Foscor<\/strong>, una de les meues bandes favorites d\u2019aquell moment i que vaig tenir la sort de poder-los gaudir una o dos vegades en directe. Per aquell temps, <strong>Fiar<\/strong> tamb\u00e9 compartia tasques vocals amb els <strong>Graveyard<\/strong>, els quals tamb\u00e9 he pogut vore en directe. Com es ben sabut, tant <strong>Graveyard<\/strong> com <strong>Foscor<\/strong> editaren el seu darrer disc al 2019: els primers el batejaren com <em>Hold Back the Dawn<\/em> i els segons amb el nom de <em>Els Sepulcres Blancs<\/em>. Tot i aix\u00f2 ambdues bandes, no han estat quietes del tot ja que <strong>Foscor<\/strong> ha tret diversos singles en aquests darrers anys, sent \u2018Solitud\u2019 de 2023 i els <strong>Graveyard<\/strong> un Split al 2022 juntament amb els <strong>Lie in Ruins<\/strong>.<\/span><\/p>\n<p><span style=\"color: #000000;\">Aix\u00ed doncs quan el passat dotze de maig els <strong>JADE<\/strong>\u00a0es presentaren al meu davant i almenys en el meu cas, com a una agrupaci\u00f3 totalment nova, destacava per damunt de tot el poder\u00f3s saber estar del baixista i veus, seguit del seu so, que sobre ser nou i fresc, m\u2019era totalment familiar. Descobert el secret, <strong>V\u2019N\u2019MATW<\/strong> es pos\u00e0 en contacte amb <strong>J<\/strong>. per a qu\u00e8 ens parlara d\u2019aquest nou cam\u00ed de taulells verds.<\/span><\/p>\n<p><span style=\"color: #000000;\"><strong><em>K.: En primer lloc, donar-te les gr\u00e0cies per haver tret temps i poder atendre les preguntes del meu portal V&#8217;N&#8217;MATW. La primera pregunta, quasi obligada \u00e9s: en quin moment comences la gestaci\u00f3 de JADE? Va ser abans o despr\u00e9s de que Foscor i Graveyard entraren aparentment en letargia?<\/em><\/strong><\/span><\/p>\n<p><span style=\"color: #000000;\">J.: Gr\u00e0cies a tu per l\u2019inter\u00e8s que sempre has mostrat en la nostra m\u00fasica. Sempre m\u2019ha agradat compartir i explicar la nostra experi\u00e8ncia, si m\u00e9s no vista i sentida a trav\u00e9s dels meus ulls i \u00e0nima.<\/span><\/p>\n<p><span style=\"color: #000000;\">La gestaci\u00f3 de <strong>JADE<\/strong> com a projecte neix en el moment que sento la necessitat de recuperar un rol m\u00e9s actiu en el terreny compositiu d\u2019una banda, abastant la resta de terrenys com ja acostumava a desenvolupar sobretot amb <strong>Foscor<\/strong>. Des del 2016, previ a concretar el que seria l\u2019etapa m\u00e9s estimulant i exigent de <strong>Foscor<\/strong>, vaig relegar, de forma consensuada i totalment conscient, el meu rol al terreny vocal i com a lletrista. Diria que fins i tot de guia del projecte en el terreny del management i creaci\u00f3 conceptual.<\/span><\/p>\n<p><span style=\"color: #000000;\">Amb <strong>Graveyard<\/strong> he viscut la m\u00fasica d\u2019una forma molt m\u00e9s distesa, en el sentit que he aportat tot el que he pogut, sent conscient del nivell en el que havia de fer-ho, despr\u00e9s de qu\u00e8 qui concep el projecte pos\u00e9s les bases i desenvolup\u00e9s cada un dels treballs que afront\u00e0vem com a banda des de la meva entrada al 2013.<\/span><\/p>\n<p><span style=\"color: #000000;\"><strong>JADE<\/strong> doncs fou la porta per a recuperar un rol que des dels primers treballs de <strong>Foscor<\/strong> havia deixat relegat, i a m\u00e9s ho feia amb vistes a aix\u00f2 mateix, recuperar un cert moment personal musical amb el que mai he deixat d\u2019estar lligat emocionalment. La m\u00fasica amb la que vaig forjar les meves bases musicals per despr\u00e9s mirar de portar-les al terreny d\u2019un llenguatge propi amb les bandes amb les que he generat obra musical.<\/span><\/p>\n<p><span style=\"color: #000000;\">Al 2018 editem la primera gravaci\u00f3 despr\u00e9s de qu\u00e8 al 2017 don\u00e9s forma a la primera col\u00b7lecci\u00f3 de quatre temes amb el que aleshores fou el meu company de grup i bateria, <strong>D.<\/strong>, resident a Berlin.<\/span><\/p>\n<p><span style=\"color: #000000;\">Podem dir que la letargia de la que parles tant de <strong>Foscor<\/strong> com de <strong>Graveyard<\/strong> venen sobrevingudes, per diferents motius, post pand\u00e8mia, i \u00e9s aqu\u00ed on <strong>JADE<\/strong> em permet revifar i estimular el goig de desenvolupar un projecte musical despr\u00e9s d\u2019un parell d\u2019anys molt durs a nivell personal, editant el que va ser l\u2019\u00e0lbum debut <em>The Pacification Of Death<\/em> al 2022.<\/span><\/p>\n<p><span style=\"color: #000000;\"><strong><em>K.: Quan us vaig vore per primera vegada, vaig dir a la meua cr\u00f2nica que hi havia una certa conflu\u00e8ncia natural de les dues bandes en les quals has estat, i que aix\u00f2 repercutia al so final per\u00f2 d\u2019una manera fresca i contempor\u00e0nia. N\u2019est\u00e0s d\u2019acord? I si no, per qu\u00e8?<\/em><\/strong><\/span><\/p>\n<p><span style=\"color: #000000;\">J.: Penso que <strong>Graveyard<\/strong> em va tornar a enganxar amb una escena underground internacional de la que m\u2019havia distanciat per la progressi\u00f3 que <strong>Foscor<\/strong> seguia. Aix\u00ed mateix, les bases m\u00e9s extremes que porto amb mi tornaven a aflorar en paral\u00b7lel a tota la feina que per altres canals havia seguit <strong>Foscor<\/strong>.<\/span><\/p>\n<p><span style=\"color: #000000;\">Penso que <strong>JADE<\/strong> \u00e9s el resultat natural d\u2019una traject\u00f2ria de m\u00e9s de 20 anys que d\u2019alguna forma necessitava consolidar, el que de forma diversificada havia desenvolupat al llarg dels anys. A nivell de llenguatge, cada banda ha portat una l\u00ednia, i <strong>JADE<\/strong>, sense ser una suma d\u2019aquestes bandes i altres anteriors,\u00a0 s\u00ed que sento que reflecteix l\u2019espectre m\u00e9s ampli del que totes elles poden mostrar. Sempre des de la concepci\u00f3 m\u00e9s primitiva de les bases, per\u00f2 passat pel filtre del coneixement i experi\u00e8ncia de tots aquests anys i aventures.<\/span><\/p>\n<p><span style=\"color: #000000;\"><strong><em>K.: A la gran majoria de bandes, no us agrada massa que us etiqueten, per\u00f2 tamb\u00e9 sabeu que \u00e9s una manera de que els oients puguem intuir qu\u00e8 ens podem trobar. En alguns llocs, us he vist descrits com a Death Metal Atmosf\u00e8ric, i supose que aquest darrer adjectiu, \u00e9s el que ha fet que alguns us hagen ressenyat com a Death \/ Doom. Qu\u00e8 n\u2019opineu al respecte?<\/em><\/strong><\/span><\/p>\n<p><span style=\"color: #000000;\">J.: Personalment acabo etiquetant <strong>JADE<\/strong> com a Death Metal, perqu\u00e8 aix\u00ed ho reconec en termes del qu\u00e8 els seus fonaments formen. Per\u00f2 com resumir els altres dos grans estils que conformen el llenguatge de la banda?? Doom Brit\u00e0nic i Black Metal Norueg? Segurament amb l\u2019adjectiu atmosf\u00e8ric.<\/span><\/p>\n<p><span style=\"color: #000000;\">La banda pret\u00e9n desenvolupar un llenguatge d\u2019assimilaci\u00f3 d\u2019elements de tots tres estils, de forma que es pugui posar \u00e8mfasi en un dels tres sense que la f\u00f3rmula es desvirtu\u00ef, d\u2019una forma atemporal, arcaica per\u00f2 fresca. \u00c9s molt ambici\u00f3s i pot ser presumptu\u00f3s aspirar a aconseguir-ho, per\u00f2 penso en aquell final dels \u201880 i primers \u201890 d&#8217;aquests estils, on cada \u00e0lbum mostrava un enfocament nou i fresc de la f\u00f3rmula en els respectius estils&#8230; Penso que la suma dels tres com a base pot permetre a dia d\u2019avui, m\u00e9s de 30 anys despr\u00e9s, aconseguir diferenciar-se sense pervertir l\u2019ess\u00e8ncia.<\/span><\/p>\n<p><span style=\"color: #000000;\"><strong><em>K.: Explicat d\u2019aquesta manera, queda clar que hi ha una conflu\u00e8ncia m\u00e9s que evident dels tres estils la qual cosa ens porta a pensar que quan s\u2019intenta innovar a dins del Death Metal es corre el risc de perdre l\u2019ess\u00e8ncia de la qu\u00e8 parles, de tal forma que pot sonar a tot menys a Death Metal. Per qu\u00e8 et sembla que algunes voltes ocorre a\u00e7\u00f2 al desafiar els est\u00e0ndards per a aconseguir l\u2019estil que u vol?<\/em><\/strong><\/span><\/p>\n<p><span style=\"color: #000000;\">J.: Lligat amb l\u2019anterior resposta, els estils tenen un l\u00edmit&#8230; no el llenguatge amb qu\u00e8 els encaris. Sempre podem trobar elements que facin sentir quelcom des d\u2019un nou punt de vista. Penso en <strong>Foscor<\/strong>, i com al 2017 concretem un material que possiblement fos la m\u00e9s personal forma d\u2019expressar-nos que mai hem tingut, i a la vegada, aconseguir obrir-nos cam\u00ed internacionalment com mai hagu\u00e9ssim somniat. Penso que l\u2019ess\u00e8ncia seguia estant all\u00e0, com amb anteriors treballs, per\u00f2 el llenguatge ho formulava de forma m\u00e9s encertada.<\/span><\/p>\n<div id=\"attachment_3732\" style=\"width: 374px\" class=\"wp-caption alignright\"><img loading=\"lazy\" decoding=\"async\" aria-describedby=\"caption-attachment-3732\" class=\"wp-image-3732\" src=\"https:\/\/katsf.es\/wp-content\/uploads\/2024\/08\/jade-four-298x300.jpg\" alt=\"\" width=\"364\" height=\"366\" \/><p id=\"caption-attachment-3732\" class=\"wp-caption-text\"><strong><span style=\"color: #000000;\">JADE 2024 (foto extreta de l&#8217;IG de la banda)<\/span><\/strong><\/p><\/div>\n<p><span style=\"color: #000000;\">Amb <strong>JADE<\/strong> de moment veig que el llenguatge est\u00e0 molt acotat, suposo que gr\u00e0cies a la f\u00f3rmula compositiva que sorgeix de mi mateix i es complementa donant una nova dimensi\u00f3 amb els arranjaments de l\u2019<strong>Albert<\/strong>. Estil\u00edsticament no hi ha ni hi haur\u00e0 gaires alteracions, per\u00f2 la gr\u00e0cia resideix en l\u2019equilibri entre els tres estils mantenint el llenguatge. Penso que la barreja inicial d\u2019estils ens permet situar la proposta en un terreny diferent en el qu\u00e8 poc o molt, l\u2019ess\u00e8ncia de refer\u00e8ncia \u00e9s prou clara i difosa com per no veure els fils que ho mouen. En altres casos, aix\u00f2 \u00e9s m\u00e9s evident, i aqu\u00ed pot sorgir el conflicte com esmentes.<\/span><\/p>\n<p><span style=\"color: #000000;\"><strong><em>K.: Trobe que ning\u00fa m\u2019ha donat mai un raonament tan espec\u00edfic com el teu, el qual m\u2019ajuda a vore les coses a un altre nivell, fet que t&#8217;agra\u00efsc molt. Parlem ara de la discografia de JADE. <\/em><\/strong><\/span><\/p>\n<p><span style=\"color: #000000;\"><strong><em>JADE edit\u00e0 la seua demo <\/em><\/strong><a style=\"color: #000000;\" href=\"https:\/\/www.metal-archives.com\/albums\/Jade\/Smoking_Mirror_-_MMXVIII\/738949\"><strong><em>Smoking Mirror &#8211; MMXVIII<\/em><\/strong><\/a><strong><em> al 2018 i el seu primer llarg The Pacification of Death al 2022. Pots explicar-me un poc el concepte del disc? \u00c9s un \u00e0lbum conceptual? <\/em><\/strong><\/span><\/p>\n<p><span style=\"color: #000000;\">J.: La tem\u00e0tica de l\u2019\u00e0lbum gira entorn dels rites, moments i elements que acompanyarien la pacificaci\u00f3 de la mort com a gran amena\u00e7a en el seu dia a dia. La mort podia significar-se en moltes males noves o elements desconeguts per elles, i ja fos a base de rites de sang o el tracte amb el que anomenaven infram\u00f3n o m\u00e9s enll\u00e0, em suposava un bast ventall d\u2019inspiraci\u00f3 que va acabar conformant el cos tem\u00e0tic del disc.<\/span><\/p>\n<p><span style=\"color: #000000;\">La portada, \u00e9s una met\u00e0fora visual d\u2019una d\u2019aquestes entrades a l\u2019infram\u00f3n, la porta d\u2019on el mal sorgia guardat per b\u00e8sties de la nit, que posa el punt po\u00e8tic en el que es refereix la reinterpretaci\u00f3 de la hist\u00f2ria, ja sigui de les cultures ancestrals mesoamericanes com les orientals on el jade com a mineral, servia per crear icones per a comunicar-se amb el m\u00e9s enll\u00e0, el pl\u00e0nol de l\u2019ocult i desconegut del seu dia a dia.<\/span><\/p>\n<p><span style=\"color: #000000;\"><strong><em>K.: Com a seguidora de les cultures asi\u00e0tiques, inconscientment vaig interpretar que la tem\u00e0tica, i \u00f2bviament pel nom de la banda en s\u00ed, podia estar relacionada amb les cultures orientals on el Jade \u00e9s una de les gemmes m\u00e9s apreciades que hi ha tal i com ja ens has avan\u00e7at. S\u00f3n aquestes cultures part de la vostra inspiraci\u00f3 o no t\u00e9 res a vore?<\/em><\/strong><\/span><\/p>\n<p><span style=\"color: #000000;\">J.: Correcte, com b\u00e9 dius i esmentava a l\u2019anterior resposta, el nom del grup fa refer\u00e8ncia a aquest mineral present no nom\u00e9s en les cultures ancestrals asi\u00e0tiques, si no en les mesoamericanes ( Maya, Asteca, Olmeca&#8230; ). Em va fascinar en un inici el fet de saber que aquest mineral tan preuat, ho era en temps i llocs tan distants per un mateix objectiu: el di\u00e0leg amb el m\u00e9s enll\u00e0.<\/span><\/p>\n<p><span style=\"color: #000000;\">La font de recursos l\u00edrics reals era infinita, i em servia per dur a terme l\u2019exercici de poetitzaci\u00f3 de la hist\u00f2ria, sovint molt m\u00e9s crua i m\u00e0gica que la m\u00e9s gran imaginaci\u00f3.<\/span><\/p>\n<p><span style=\"color: #000000;\"><strong><em>K.: Aleshores les lletres van al teu c\u00e0rrec o les feu entre tots?<\/em><\/strong><\/span><\/p>\n<p><span style=\"color: #000000;\">J.: Principalment van al meu c\u00e0rrec, si b\u00e9 \u00e9s cert que en el primer Ep van ser totes obra del bateria, en <strong>Dylan<\/strong>. Arrel d\u2019un curs de simbolisme que vaig cursar al 2017, vaig lligar idees i vaig veure clar tant el nom del grup com la tem\u00e0tica en la que es podria recolzar.<\/span><\/p>\n<p><span style=\"color: #000000;\"><strong><em>K.:<\/em><\/strong><strong><em> The Pacification of Death ha rebut moltes bones cr\u00edtiques des del seu llan\u00e7ament. Pens\u00e0veu que an\u00e0veu a tenir tanta repercussi\u00f3 i bona acollida a dins de l\u2019escena com ha passat?<\/em><\/strong><\/span><\/p>\n<p><span style=\"color: #000000;\">J.: En un bon inici \u00f2bviament exist\u00ed el factor sorpresa, ja qu\u00e8 no pots anticipar com pot funcionar un projecte. Tot i aix\u00f2, sempre he tingut les idees molt clares de com s\u2019havia de formalitzar musicalment parlant, i per quins canals i ritme de creixement s\u2019havia de moure. L\u2019experi\u00e8ncia \u00e9s un grau diuen, i vull pensar que les ganes de fer quelcom el m\u00e0xim de productiu i eficient possible forma part del per qu\u00e8 ha funcionat tan b\u00e9.<\/span><\/p>\n<p><span style=\"color: #000000;\">Nom\u00e9s hem fet que comen\u00e7ar, i no \u00e9s fins a un tercer treball que es pot jutjar si una banda pot mantenir-se d\u2019una forma s\u00f2lida i cre\u00efble, i de moment falta molt per poder arribar-hi i confirmar si aix\u00f2 \u00e9s flor d\u2019un dia, o podem disposar del recorregut i els recursos que els resultats aporten per seguir creixent amb vistes a enfora.<\/span><\/p>\n<p><span style=\"color: #000000;\"><strong><em>K.: A nivell de directes, JADE s\u2019ha mogut prou tant per dins de la pen\u00ednsula com per fora, sobre tot per terres franceses. Han sigut tot concerts de sala o heu participat a algun festival tamb\u00e9?<\/em><\/strong><\/span><\/p>\n<p><span style=\"color: #000000;\">J.: Vam debutar al Necesse Mori II a la Fortalesa d\u2019Hostalric, presentant el disc debut i iniciant-nos en directe. D\u2019aix\u00f2 fa escaig any i tres mesos i sembla que faci molt m\u00e9s. D\u2019en\u00e7\u00e0 d\u2019aquell magn\u00edfic esdeveniment, hem tocat al Party.San com a festival de gran format i la resta concerts en sala. Ara a l\u2019octubre tornem a Portugal per participar en un nou festival, de petit format per\u00f2 a l\u2019aire lliure, i hem comen\u00e7at a tancar dates pel 2025, any en el que de nou succeiran moltes coses en el terreny de producci\u00f3 musical i d\u2019activitat en directe.<\/span><\/p>\n<p><span style=\"color: #000000;\"><strong><em>K: Com ja hem dit, encara que Foscor i Graveyard s\u00f3n parades, has arribat a tocar en alguna d\u2019elles al mateix temps que en JADE? I en cas de que la resposta siga positiva, et va conv\u00e8ncer l\u2019experi\u00e8ncia? <\/em><\/strong><\/span><\/p>\n<p><span style=\"color: #000000;\">J.: Vam tocar 3 dates seguides a l\u2019estiu del 2023 <strong>Graveyard<\/strong> i <strong>JADE<\/strong> de cam\u00ed al Party.San. Aix\u00ed que s\u00ed, puc dir que ha passat, i l\u2019experi\u00e8ncia fou m\u00e9s que gratificant. No es tracta d\u2019estils tan exigents com el que <strong>Foscor<\/strong> practica en directe. Parlo per mi a nivell vocal. I tot i el desgast obvi de fer 6 dates en 3 dies al m\u00e0xim nivell, crec que en cap moment vaig reduir el nivell en cap de les dues bandes.<\/span><\/p>\n<p><span style=\"color: #000000;\"><strong><em>K.: JADE ara t\u00e9 la dif\u00edcil tasca de enfrontar-se a la realitzaci\u00f3 d\u2019un segon disc que ha de ser igual o millor que el seu predecessor. Esteu ja preparant material nou? <\/em><\/strong><\/span><\/p>\n<p><span style=\"color: #000000;\">J.: No nom\u00e9s l\u2019estem preparant, sin\u00f3 que ja tenim data per entrar a l\u2019estudi a gravar-lo, m\u00e9s aviat del que hom pugui pensar. La idea \u00e9s tenir-lo editat a mitjans del proper any 2025.<\/span><\/p>\n<p><span style=\"color: #000000;\">Crec que la clau per a qu\u00e8 es llegeixi com un pas endavant respecte al debut ser\u00e0 la forma en la que enfoquem la producci\u00f3 del disc. A ulls meus, musicalment posar\u00e0 el pes en elements que poden haver estat m\u00e9s en un segon pla en els anteriors treballs. Parlo d\u2019aquell equilibri estil\u00edstic que esmentava en l\u2019inici de l\u2019entrevista. El llenguatge seguir\u00e0 sent el mateix, i poder posar detalls a nivell d\u2019arranjament que poden donar m\u00e9s o menys frescor al resultat.<\/span><\/p>\n<p><span style=\"color: #000000;\">L\u2019edici\u00f3 del proper Split amb <strong>Sanctuarium <em>(NdR. grup barcelon\u00e8s de Rooted Death\/Doom: <a href=\"http:\/\/instagram.com\/sanctuariumdeath\">http:\/\/instagram.com\/sanctuariumdeath<\/a>)<\/em><\/strong> <em>The Sempiternal Wound<\/em>, que es publica el proper 13 de setembre de nou amb Pulverised Records i Iron Fortress Records pot servir d\u2019aperitiu per\u00f2 no de pista de per on anirien els trets. Volem disposar de la m\u00e0xima visibilitat abans d\u2019encarar el cicle d\u2018un segon disc, i ser\u00e0 aquest el que ens permeti o no posicionar-nos en la bona direcci\u00f3 com a banda.<\/span><\/p>\n<p><span style=\"color: #000000;\"><strong><em>K.: Tot i qu\u00e8 ja ho has mig avan\u00e7at abans amb que fins el tercer disc, una banda no es pot considerar una realitat s\u00f2lida, volia fer-te una pregunta que tal vegada siga un poc rara, per\u00f2 com a periodista que duu m\u00e9s de deu anys al circu\u00eft, he sigut testimoni del naixement de moltes bandes que despr\u00e9s d\u2019un debut espectacular, han desaparegut de forma fuga\u00e7. En la teua opini\u00f3, com a m\u00fasic amb molt\u00edssims anys d\u2019experi\u00e8ncia, per qu\u00e8 creus que a\u00e7\u00f2 pot passar?<\/em><\/strong><\/span><\/p>\n<p><span style=\"color: #000000;\">J.: Per la manca de convenciment en el que es formalitza i es mostra. Poden haver mals resultats amb l\u2019edici\u00f3 d\u2019un treball per\u00f2 segur que hi ha coses positives a altres nivells que serveixin per seguir endavant i cr\u00e9ixer. Si es tracta d\u2019una simple prova per temptejar el mercat al so de la m\u00fasica que m\u00e9s es balla, probablement all\u00f2 sigui flor d\u2019un dia.<\/span><\/p>\n<p><span style=\"color: #000000;\">Tu em parles de debuts espectaculars&#8230; habitualment si aix\u00f2 \u00e9s aix\u00ed, no s\u2019acaba aquell projecte o les circumst\u00e0ncies duen als seus membres a seguir amb d\u2019altres que els requereixen m\u00e9s atenci\u00f3, o fatalitats del dia a dia d\u2019aquest m\u00f3n tan fr\u00e0gil, poden fer que no hi hagi opci\u00f3 a seguir.<\/span><\/p>\n<p><span style=\"color: #000000;\"><strong><em>K.: Considere que deu ser aix\u00ed. I ja per a finalitzar, com es presenta el que queda de 2024. A part del Split que abans comentaves, teniu ja algunes dates confirmades a part del festival a Portugal el mes pr\u00f2xim mentre esperem l\u2019eixida del nou material?<\/em><\/strong><\/span><\/p>\n<p><span style=\"color: #000000;\">J.: Com et deia, en les properes dues setmanes es publicar\u00e0 el Split Lp amb els companys de <strong>Sanctuarium<\/strong>, on milita el que fou el nostre bateria a <em>The Pacification Of Death<\/em>, en <strong>Marc Necrohelm<\/strong>, amb tres nous temes per part de <strong>JADE<\/strong>. Tenim dates a Portugal i Catalunya fins a finals d\u2019any, i llavors saltar\u00edem fins al Maig o Juny per a tornar a donar guerra, previsiblement amb un nou dic sota el bra\u00e7.<\/span><\/p>\n<p><span style=\"color: #000000;\">El temps passa volant, per\u00f2 el ritme amb el que es treballa a <strong>JADE<\/strong> \u00e9s el de mantenir la tensi\u00f3 i atenci\u00f3 amb la m\u00e0xima const\u00e0ncia possibles.<\/span><\/p>\n<p><span style=\"color: #000000;\"><strong><em>K.: La millor manera de treballar. Si vols afegir alguna cosa m\u00e9s, endavant!<\/em><\/strong><\/span><\/p>\n<p><span style=\"color: #000000;\">J.: Donar-te de nou les gr\u00e0cies, i animar-te a seguir donant testimoni del qu\u00e8 es fa a casa nostra, cosa que val el seu pes en or. Salutacions.<\/span><\/p>\n<p><span style=\"color: #000000;\"><strong><em>K.: Moltes gr\u00e0cies per les teues paraules i pels teus \u00e0nims. Intentarem que aix\u00ed siga.<\/em><\/strong><\/span><\/p>\n<p><span style=\"color: #000000;\"><strong>JADE<\/strong> a les <strong>RRSS<\/strong><\/span><\/p>\n<p><span style=\"color: #000000;\"><strong>Instagram<\/strong><\/span><\/p>\n<p><a href=\"https:\/\/www.instagram.com\/jadestonemask\/\">https:\/\/www.instagram.com\/jadestonemask\/<\/a><\/p>\n<p><span style=\"color: #000000;\"><strong>Facebook<\/strong><\/span><\/p>\n<p><a href=\"https:\/\/www.facebook.com\/jadestonemask\">https:\/\/www.facebook.com\/jadestonemask<\/a><\/p>\n<p><span style=\"color: #000000;\"><strong>Bandcamp<\/strong><\/span><\/p>\n<p><a href=\"https:\/\/emperorjade.bandcamp.com\/music\">https:\/\/emperorjade.bandcamp.com\/music<\/a><\/p>\n","protected":false},"excerpt":{"rendered":"<p>VALENCIA\u2019N\u2019METAL AROUND THE WORLD enceta la seua cinquena temporada entrevistant a un dels m\u00fasics m\u00e9s prol\u00edfics del circu\u00eft extrem catal\u00e0: Joan Francesc Serra, m\u00e9s conegut com a Fiar i m\u00e9s concisament ara com J. dels catalans JADE, la nova sensaci\u00f3 del circu\u00eft Metal Extrem catal\u00e0. Amb uns integrants de gran tradici\u00f3 dins de la pr\u00f2pia escena, JADE es perfila com una de les formacions amb m\u00e9s futur hui en dia. Aix\u00ed doncs, no t\u2019ho penses i seguix llegint.<\/p>\n","protected":false},"author":2,"featured_media":3726,"comment_status":"closed","ping_status":"open","sticky":false,"template":"","format":"standard","meta":{"_et_pb_use_builder":"","_et_pb_old_content":"","_et_gb_content_width":"","footnotes":""},"categories":[36],"tags":[997,1003,1002,526,1001,1004,72,503,999,1000,996,998,994,995],"class_list":["post-3730","post","type-post","status-publish","format-standard","has-post-thumbnail","hentry","category-entrevistes-escrites","tag-2024-ca","tag-atmosferic-ca","tag-balck-metal-ca","tag-death-ca","tag-death-metal-ca","tag-doom-metal-ca","tag-entrevista-ca","tag-exclusiva-ca","tag-foscor-ca","tag-graveyard-ca","tag-j","tag-jade-ca","tag-metal-catala","tag-metal-extrem-catala"],"yoast_head":"<!-- This site is optimized with the Yoast SEO plugin v28.3 - https:\/\/yoast.com\/product\/yoast-seo-wordpress\/ -->\n<title>ENTREVISTA AMB J. DE JADE (CATALUNYA) - VAL\u00c8NCIA&#039;N&#039;METAL por Kat SF<\/title>\n<meta name=\"description\" content=\"Kat S.F. entrevista al baixista i veus Joan Francesc Serra, conegut al circu\u00eft extrem com a Fiar i ara com \u2018J\u2019, que ens parlar\u00e0 dels JADE.\" \/>\n<meta name=\"robots\" content=\"index, follow, max-snippet:-1, max-image-preview:large, max-video-preview:-1\" \/>\n<link rel=\"canonical\" href=\"https:\/\/katsf.es\/ca\/entrevista-amb-j-de-jade-catalunya\/\" \/>\n<meta property=\"og:locale\" content=\"ca_ES\" \/>\n<meta property=\"og:type\" content=\"article\" \/>\n<meta property=\"og:title\" content=\"ENTREVISTA AMB J. DE JADE (CATALUNYA) - VAL\u00c8NCIA&#039;N&#039;METAL por Kat SF\" \/>\n<meta property=\"og:description\" content=\"Kat S.F. entrevista al baixista i veus Joan Francesc Serra, conegut al circu\u00eft extrem com a Fiar i ara com \u2018J\u2019, que ens parlar\u00e0 dels JADE.\" \/>\n<meta property=\"og:url\" content=\"https:\/\/katsf.es\/ca\/entrevista-amb-j-de-jade-catalunya\/\" \/>\n<meta property=\"og:site_name\" content=\"VAL\u00c8NCIA&#039;N&#039;METAL por Kat SF\" \/>\n<meta property=\"article:published_time\" content=\"2024-09-01T12:49:29+00:00\" \/>\n<meta property=\"og:image\" content=\"https:\/\/katsf.es\/wp-content\/uploads\/2024\/08\/logo-copia.jpg\" \/>\n\t<meta property=\"og:image:width\" content=\"781\" \/>\n\t<meta property=\"og:image:height\" content=\"855\" \/>\n\t<meta property=\"og:image:type\" content=\"image\/jpeg\" \/>\n<meta name=\"author\" content=\"Kat SF\" \/>\n<meta name=\"twitter:card\" content=\"summary_large_image\" \/>\n<meta name=\"twitter:label1\" content=\"Escrit per\" \/>\n\t<meta name=\"twitter:data1\" content=\"Kat SF\" \/>\n\t<meta name=\"twitter:label2\" content=\"Temps estimat de lectura\" \/>\n\t<meta name=\"twitter:data2\" content=\"14 minuts\" \/>\n<script type=\"application\/ld+json\" class=\"yoast-schema-graph\">{\"@context\":\"https:\\\/\\\/schema.org\",\"@graph\":[{\"@type\":\"Article\",\"@id\":\"https:\\\/\\\/katsf.es\\\/ca\\\/entrevista-amb-j-de-jade-catalunya\\\/#article\",\"isPartOf\":{\"@id\":\"https:\\\/\\\/katsf.es\\\/ca\\\/entrevista-amb-j-de-jade-catalunya\\\/\"},\"author\":{\"name\":\"Kat SF\",\"@id\":\"https:\\\/\\\/katsf.es\\\/ca\\\/#\\\/schema\\\/person\\\/ae87ba84066f0d2230e0d5cbf3d3600d\"},\"headline\":\"ENTREVISTA AMB J. DE JADE (CATALUNYA)\",\"datePublished\":\"2024-09-01T12:49:29+00:00\",\"mainEntityOfPage\":{\"@id\":\"https:\\\/\\\/katsf.es\\\/ca\\\/entrevista-amb-j-de-jade-catalunya\\\/\"},\"wordCount\":3073,\"image\":{\"@id\":\"https:\\\/\\\/katsf.es\\\/ca\\\/entrevista-amb-j-de-jade-catalunya\\\/#primaryimage\"},\"thumbnailUrl\":\"https:\\\/\\\/katsf.es\\\/wp-content\\\/uploads\\\/2024\\\/08\\\/logo-copia.jpg\",\"keywords\":[\"2024\",\"atmosferic\",\"balck metal\",\"death\",\"death metal\",\"doom metal\",\"entrevista\",\"exclusiva\",\"foscor\",\"graveyard\",\"j\",\"jade\",\"metal catal\u00e0\",\"metal extrem catal\u00e0\"],\"articleSection\":[\"Entrevistes Escrites\"],\"inLanguage\":\"ca\"},{\"@type\":\"WebPage\",\"@id\":\"https:\\\/\\\/katsf.es\\\/ca\\\/entrevista-amb-j-de-jade-catalunya\\\/\",\"url\":\"https:\\\/\\\/katsf.es\\\/ca\\\/entrevista-amb-j-de-jade-catalunya\\\/\",\"name\":\"ENTREVISTA AMB J. DE JADE (CATALUNYA) - VAL\u00c8NCIA&#039;N&#039;METAL por Kat SF\",\"isPartOf\":{\"@id\":\"https:\\\/\\\/katsf.es\\\/ca\\\/#website\"},\"primaryImageOfPage\":{\"@id\":\"https:\\\/\\\/katsf.es\\\/ca\\\/entrevista-amb-j-de-jade-catalunya\\\/#primaryimage\"},\"image\":{\"@id\":\"https:\\\/\\\/katsf.es\\\/ca\\\/entrevista-amb-j-de-jade-catalunya\\\/#primaryimage\"},\"thumbnailUrl\":\"https:\\\/\\\/katsf.es\\\/wp-content\\\/uploads\\\/2024\\\/08\\\/logo-copia.jpg\",\"datePublished\":\"2024-09-01T12:49:29+00:00\",\"author\":{\"@id\":\"https:\\\/\\\/katsf.es\\\/ca\\\/#\\\/schema\\\/person\\\/ae87ba84066f0d2230e0d5cbf3d3600d\"},\"description\":\"Kat S.F. entrevista al baixista i veus Joan Francesc Serra, conegut al circu\u00eft extrem com a Fiar i ara com \u2018J\u2019, que ens parlar\u00e0 dels JADE.\",\"breadcrumb\":{\"@id\":\"https:\\\/\\\/katsf.es\\\/ca\\\/entrevista-amb-j-de-jade-catalunya\\\/#breadcrumb\"},\"inLanguage\":\"ca\",\"potentialAction\":[{\"@type\":\"ReadAction\",\"target\":[\"https:\\\/\\\/katsf.es\\\/ca\\\/entrevista-amb-j-de-jade-catalunya\\\/\"]}]},{\"@type\":\"ImageObject\",\"inLanguage\":\"ca\",\"@id\":\"https:\\\/\\\/katsf.es\\\/ca\\\/entrevista-amb-j-de-jade-catalunya\\\/#primaryimage\",\"url\":\"https:\\\/\\\/katsf.es\\\/wp-content\\\/uploads\\\/2024\\\/08\\\/logo-copia.jpg\",\"contentUrl\":\"https:\\\/\\\/katsf.es\\\/wp-content\\\/uploads\\\/2024\\\/08\\\/logo-copia.jpg\",\"width\":781,\"height\":855},{\"@type\":\"BreadcrumbList\",\"@id\":\"https:\\\/\\\/katsf.es\\\/ca\\\/entrevista-amb-j-de-jade-catalunya\\\/#breadcrumb\",\"itemListElement\":[{\"@type\":\"ListItem\",\"position\":1,\"name\":\"Portada\",\"item\":\"https:\\\/\\\/katsf.es\\\/ca\\\/\"},{\"@type\":\"ListItem\",\"position\":2,\"name\":\"ENTREVISTA AMB J. DE JADE (CATALUNYA)\"}]},{\"@type\":\"WebSite\",\"@id\":\"https:\\\/\\\/katsf.es\\\/ca\\\/#website\",\"url\":\"https:\\\/\\\/katsf.es\\\/ca\\\/\",\"name\":\"VAL\u00c8NCIA&#039;N&#039;METAL por Kat SF\",\"description\":\"entrevistas l\u00edderes y profesionales del campo musical\",\"potentialAction\":[{\"@type\":\"SearchAction\",\"target\":{\"@type\":\"EntryPoint\",\"urlTemplate\":\"https:\\\/\\\/katsf.es\\\/ca\\\/?s={search_term_string}\"},\"query-input\":{\"@type\":\"PropertyValueSpecification\",\"valueRequired\":true,\"valueName\":\"search_term_string\"}}],\"inLanguage\":\"ca\"},{\"@type\":\"Person\",\"@id\":\"https:\\\/\\\/katsf.es\\\/ca\\\/#\\\/schema\\\/person\\\/ae87ba84066f0d2230e0d5cbf3d3600d\",\"name\":\"Kat SF\",\"image\":{\"@type\":\"ImageObject\",\"inLanguage\":\"ca\",\"@id\":\"https:\\\/\\\/secure.gravatar.com\\\/avatar\\\/1c9ffa80d9da8dfa7be1bd38f3a50e6db4e4c328bd5c984ac5a4c2d3486a11c2?s=96&d=mm&r=g\",\"url\":\"https:\\\/\\\/secure.gravatar.com\\\/avatar\\\/1c9ffa80d9da8dfa7be1bd38f3a50e6db4e4c328bd5c984ac5a4c2d3486a11c2?s=96&d=mm&r=g\",\"contentUrl\":\"https:\\\/\\\/secure.gravatar.com\\\/avatar\\\/1c9ffa80d9da8dfa7be1bd38f3a50e6db4e4c328bd5c984ac5a4c2d3486a11c2?s=96&d=mm&r=g\",\"caption\":\"Kat SF\"},\"url\":\"https:\\\/\\\/katsf.es\\\/ca\\\/author\\\/kath-es-fusgmail-com\\\/\"}]}<\/script>\n<!-- \/ Yoast SEO plugin. -->","yoast_head_json":{"title":"ENTREVISTA AMB J. DE JADE (CATALUNYA) - VAL\u00c8NCIA&#039;N&#039;METAL por Kat SF","description":"Kat S.F. entrevista al baixista i veus Joan Francesc Serra, conegut al circu\u00eft extrem com a Fiar i ara com \u2018J\u2019, que ens parlar\u00e0 dels JADE.","robots":{"index":"index","follow":"follow","max-snippet":"max-snippet:-1","max-image-preview":"max-image-preview:large","max-video-preview":"max-video-preview:-1"},"canonical":"https:\/\/katsf.es\/ca\/entrevista-amb-j-de-jade-catalunya\/","og_locale":"ca_ES","og_type":"article","og_title":"ENTREVISTA AMB J. DE JADE (CATALUNYA) - VAL\u00c8NCIA&#039;N&#039;METAL por Kat SF","og_description":"Kat S.F. entrevista al baixista i veus Joan Francesc Serra, conegut al circu\u00eft extrem com a Fiar i ara com \u2018J\u2019, que ens parlar\u00e0 dels JADE.","og_url":"https:\/\/katsf.es\/ca\/entrevista-amb-j-de-jade-catalunya\/","og_site_name":"VAL\u00c8NCIA&#039;N&#039;METAL por Kat SF","article_published_time":"2024-09-01T12:49:29+00:00","og_image":[{"width":781,"height":855,"url":"https:\/\/katsf.es\/wp-content\/uploads\/2024\/08\/logo-copia.jpg","type":"image\/jpeg"}],"author":"Kat SF","twitter_card":"summary_large_image","twitter_misc":{"Escrit per":"Kat SF","Temps estimat de lectura":"14 minuts"},"schema":{"@context":"https:\/\/schema.org","@graph":[{"@type":"Article","@id":"https:\/\/katsf.es\/ca\/entrevista-amb-j-de-jade-catalunya\/#article","isPartOf":{"@id":"https:\/\/katsf.es\/ca\/entrevista-amb-j-de-jade-catalunya\/"},"author":{"name":"Kat SF","@id":"https:\/\/katsf.es\/ca\/#\/schema\/person\/ae87ba84066f0d2230e0d5cbf3d3600d"},"headline":"ENTREVISTA AMB J. DE JADE (CATALUNYA)","datePublished":"2024-09-01T12:49:29+00:00","mainEntityOfPage":{"@id":"https:\/\/katsf.es\/ca\/entrevista-amb-j-de-jade-catalunya\/"},"wordCount":3073,"image":{"@id":"https:\/\/katsf.es\/ca\/entrevista-amb-j-de-jade-catalunya\/#primaryimage"},"thumbnailUrl":"https:\/\/katsf.es\/wp-content\/uploads\/2024\/08\/logo-copia.jpg","keywords":["2024","atmosferic","balck metal","death","death metal","doom metal","entrevista","exclusiva","foscor","graveyard","j","jade","metal catal\u00e0","metal extrem catal\u00e0"],"articleSection":["Entrevistes Escrites"],"inLanguage":"ca"},{"@type":"WebPage","@id":"https:\/\/katsf.es\/ca\/entrevista-amb-j-de-jade-catalunya\/","url":"https:\/\/katsf.es\/ca\/entrevista-amb-j-de-jade-catalunya\/","name":"ENTREVISTA AMB J. DE JADE (CATALUNYA) - VAL\u00c8NCIA&#039;N&#039;METAL por Kat SF","isPartOf":{"@id":"https:\/\/katsf.es\/ca\/#website"},"primaryImageOfPage":{"@id":"https:\/\/katsf.es\/ca\/entrevista-amb-j-de-jade-catalunya\/#primaryimage"},"image":{"@id":"https:\/\/katsf.es\/ca\/entrevista-amb-j-de-jade-catalunya\/#primaryimage"},"thumbnailUrl":"https:\/\/katsf.es\/wp-content\/uploads\/2024\/08\/logo-copia.jpg","datePublished":"2024-09-01T12:49:29+00:00","author":{"@id":"https:\/\/katsf.es\/ca\/#\/schema\/person\/ae87ba84066f0d2230e0d5cbf3d3600d"},"description":"Kat S.F. entrevista al baixista i veus Joan Francesc Serra, conegut al circu\u00eft extrem com a Fiar i ara com \u2018J\u2019, que ens parlar\u00e0 dels JADE.","breadcrumb":{"@id":"https:\/\/katsf.es\/ca\/entrevista-amb-j-de-jade-catalunya\/#breadcrumb"},"inLanguage":"ca","potentialAction":[{"@type":"ReadAction","target":["https:\/\/katsf.es\/ca\/entrevista-amb-j-de-jade-catalunya\/"]}]},{"@type":"ImageObject","inLanguage":"ca","@id":"https:\/\/katsf.es\/ca\/entrevista-amb-j-de-jade-catalunya\/#primaryimage","url":"https:\/\/katsf.es\/wp-content\/uploads\/2024\/08\/logo-copia.jpg","contentUrl":"https:\/\/katsf.es\/wp-content\/uploads\/2024\/08\/logo-copia.jpg","width":781,"height":855},{"@type":"BreadcrumbList","@id":"https:\/\/katsf.es\/ca\/entrevista-amb-j-de-jade-catalunya\/#breadcrumb","itemListElement":[{"@type":"ListItem","position":1,"name":"Portada","item":"https:\/\/katsf.es\/ca\/"},{"@type":"ListItem","position":2,"name":"ENTREVISTA AMB J. DE JADE (CATALUNYA)"}]},{"@type":"WebSite","@id":"https:\/\/katsf.es\/ca\/#website","url":"https:\/\/katsf.es\/ca\/","name":"VAL\u00c8NCIA&#039;N&#039;METAL por Kat SF","description":"entrevistas l\u00edderes y profesionales del campo musical","potentialAction":[{"@type":"SearchAction","target":{"@type":"EntryPoint","urlTemplate":"https:\/\/katsf.es\/ca\/?s={search_term_string}"},"query-input":{"@type":"PropertyValueSpecification","valueRequired":true,"valueName":"search_term_string"}}],"inLanguage":"ca"},{"@type":"Person","@id":"https:\/\/katsf.es\/ca\/#\/schema\/person\/ae87ba84066f0d2230e0d5cbf3d3600d","name":"Kat SF","image":{"@type":"ImageObject","inLanguage":"ca","@id":"https:\/\/secure.gravatar.com\/avatar\/1c9ffa80d9da8dfa7be1bd38f3a50e6db4e4c328bd5c984ac5a4c2d3486a11c2?s=96&d=mm&r=g","url":"https:\/\/secure.gravatar.com\/avatar\/1c9ffa80d9da8dfa7be1bd38f3a50e6db4e4c328bd5c984ac5a4c2d3486a11c2?s=96&d=mm&r=g","contentUrl":"https:\/\/secure.gravatar.com\/avatar\/1c9ffa80d9da8dfa7be1bd38f3a50e6db4e4c328bd5c984ac5a4c2d3486a11c2?s=96&d=mm&r=g","caption":"Kat SF"},"url":"https:\/\/katsf.es\/ca\/author\/kath-es-fusgmail-com\/"}]}},"_links":{"self":[{"href":"https:\/\/katsf.es\/ca\/wp-json\/wp\/v2\/posts\/3730","targetHints":{"allow":["GET"]}}],"collection":[{"href":"https:\/\/katsf.es\/ca\/wp-json\/wp\/v2\/posts"}],"about":[{"href":"https:\/\/katsf.es\/ca\/wp-json\/wp\/v2\/types\/post"}],"author":[{"embeddable":true,"href":"https:\/\/katsf.es\/ca\/wp-json\/wp\/v2\/users\/2"}],"replies":[{"embeddable":true,"href":"https:\/\/katsf.es\/ca\/wp-json\/wp\/v2\/comments?post=3730"}],"version-history":[{"count":4,"href":"https:\/\/katsf.es\/ca\/wp-json\/wp\/v2\/posts\/3730\/revisions"}],"predecessor-version":[{"id":3737,"href":"https:\/\/katsf.es\/ca\/wp-json\/wp\/v2\/posts\/3730\/revisions\/3737"}],"wp:featuredmedia":[{"embeddable":true,"href":"https:\/\/katsf.es\/ca\/wp-json\/wp\/v2\/media\/3726"}],"wp:attachment":[{"href":"https:\/\/katsf.es\/ca\/wp-json\/wp\/v2\/media?parent=3730"}],"wp:term":[{"taxonomy":"category","embeddable":true,"href":"https:\/\/katsf.es\/ca\/wp-json\/wp\/v2\/categories?post=3730"},{"taxonomy":"post_tag","embeddable":true,"href":"https:\/\/katsf.es\/ca\/wp-json\/wp\/v2\/tags?post=3730"}],"curies":[{"name":"wp","href":"https:\/\/api.w.org\/{rel}","templated":true}]}}