{"id":2354,"date":"2022-02-07T20:42:46","date_gmt":"2022-02-07T19:42:46","guid":{"rendered":"https:\/\/katsf.es\/?p=2354"},"modified":"2023-03-31T14:52:43","modified_gmt":"2023-03-31T12:52:43","slug":"interview-with-jonne-jarvela-korpiklaani","status":"publish","type":"post","link":"https:\/\/katsf.es\/en\/interview-with-jonne-jarvela-korpiklaani\/","title":{"rendered":"INTERVIEW WITH JONNE J\u00c4RVEL\u00c4 (KORPIKLAANI)"},"content":{"rendered":"<p><img loading=\"lazy\" decoding=\"async\" class=\" wp-image-2334 aligncenter\" src=\"https:\/\/katsf.es\/wp-content\/uploads\/2022\/02\/ab6761610000e5eb4007626284c331661dab6d2c-300x300.jpg\" alt=\"\" width=\"382\" height=\"382\" \/><\/p>\n<p><span style=\"color: #000000;\">Valencia&#8217;N&#8217;Metal Around the World brings to our followers and readers an interview with the finnish musician <strong>Jonne J\u00e4rvel\u00e4<\/strong> from <strong>Korpiklaani<\/strong>, who will tell us a few details about their last studio album <strong><em>Jylh\u00e4<\/em><\/strong>, about his solo project and his intentions for the next tour \u2018Majestic European Tour\u2019 that was cancelled the last August due the virus restrictions.<\/span><\/p>\n<p><span style=\"color: #000000;\"><strong><em>K: At the end of August you published that the \u2018Majestic European Tour\u2019 that you would performed the last October was canceled and you decide do not rescheduled by now. This decision will affect the current poster bands (Equilibrium, Nytt Land and Jonne your solo project) or you try to keep them anyway? <\/em><\/strong><\/span><\/p>\n<p><span style=\"color: #000000;\">J: It is very difficult to say can we keep the same bands but at least we will try. Not sure when the European tour will happen, but I hope soon.<\/span><\/p>\n<p><span style=\"color: #000000;\"><strong><em>K: In your particular case, would you still play with the two bands at the same show or reconsider your former decision? <\/em><\/strong><\/span><\/p>\n<p><span style=\"color: #000000;\">J: Yes, I will play for sure if we still have a chance to take part the tour and I don\u2019t see any reason why not to take part.We haven\u2019t got chance to play a real tour ever yet with Jonne- band so it would be very cool!<\/span><\/p>\n<p><span style=\"color: #000000;\"><strong><em>K: This tour it would be the official presentation of your latest studio album Jylh\u00e4 from Korpiklaani. From this album, you edited five videos corresponding to the songs \u2018Lev\u00e4luhta\u2019, \u2018Mylly\u2019, \u2018Sanaton Maa\u2019, \u2018Niemi\u2019 and \u2018Tuuleton\u2019, something that I think no one has ever done before. Could you explain me why you decided to do it? <\/em><\/strong><\/span><\/p>\n<p><span style=\"color: #000000;\">J: The videos is now good way to keep the band alive and in fans mibnd when we can\u2019t play shows so much because of corona. It was very expensive but I think it was worth it.<\/span><\/p>\n<p><span style=\"color: #000000;\"><strong><em>K: Is Jylh\u00e4 a concept album? <\/em><\/strong><\/span><\/p>\n<p><span style=\"color: #000000;\">J: Not really. There are many murder songs because Tuomas Keskim\u00e4ki who wrote all the lyrics has been read those unsolved murder stories from Finland at the same time as he wrote lyrics to the Jylh\u00e4 album. Those stories inspired him so much, that it catches the lyrics as well.<\/span><\/p>\n<p><img loading=\"lazy\" decoding=\"async\" class=\" wp-image-2338 alignleft\" src=\"https:\/\/katsf.es\/wp-content\/uploads\/2022\/02\/korpiklaani-promo2-300x225.jpg\" alt=\"\" width=\"358\" height=\"268\" \/><\/p>\n<p><span style=\"color: #000000;\"><strong><em>K: I listened in detail the album and although the musical essence is still intact, I have noticed that this album sounds more deeper and even dark if we compared to the others albums. In fact, we can find songs like \u2018Pohja\u2019, so vibrating; or \u2018Juuret\u2019 with very obvious rhythm changes. Do you agree? <\/em><\/strong><\/span><\/p>\n<p><span style=\"color: #000000;\">J: I agree. <em>Jylh\u00e4<\/em> is deeper and heavier than our other latest albums. It is also most versatile from our albums so far. Our new drummer Samuli Mikkonen took part the arrangements when before I made all those things. It was a great help, and he opened my eyes to the songs. Sometimes you are too close with your own songs, that you get blind for some things and details which could be different.<\/span><\/p>\n<p><span style=\"color: #000000;\"><strong><em>K: As all we known, Korpiklaani has become famous not only for singing in your mother tongue, but also for combining Heavy and Folk in the same musical expression. Sometimes I see you described as Humppa. Are Folk and Humppa the same or are there differences? <\/em><\/strong><\/span><\/p>\n<p><span style=\"color: #000000;\">J: Humppa and Folk is not the same thing, and I don\u2019t like so much that Humppa word because I think it doesn\u2019t describe our music so well. Humppa is synonym to polka. It is kind of dance thing more than music style. I like Folk and metal music in general but I think that combination from the both musical world is the thing which makes it so interesting. You can get Folk music very strong when spice it little bit with metal.<\/span><\/p>\n<p><img loading=\"lazy\" decoding=\"async\" class=\" wp-image-2341 alignright\" src=\"https:\/\/katsf.es\/wp-content\/uploads\/2022\/02\/136665922_225573742460320_7449165933971257001_n-300x300.jpg\" alt=\"\" width=\"312\" height=\"312\" \/><\/p>\n<p><span style=\"color: #000000;\"><strong><em>K: Lets talk about now Jonne, your solo project. In this band the line up, is conform with your partner Samuli Mikkonen on drums, Jesper Anastasiadis from Turisas on bass, Dimitri Keiski on guitars and you on lead vocals. What do you explore in Jonne that you don\u2019t do in Korpiklaani? <\/em><\/strong><\/span><\/p>\n<p><span style=\"color: #000000;\">J: The songs in <strong>Jonne<\/strong> are calmer down and slow. I can do the things in <strong>Jonne<\/strong>&#8211; band which doesn\u2019t suit so well in <strong>Korpiklaani<\/strong> but which I still want to release and get out of my mind and system.<\/span><\/p>\n<p><span style=\"color: #000000;\"><strong><em>K: If I\u2019m not wrong, with Jonne you have released a self-titled album in 2014, Kallohonka in 2017 and the last year you launched the single \u2018Corteza\u2019 featuring the M\u00e4go de Oz\u2019s vocalist Zeta. How did this collaboration come about? Did the two bands coincide on stage? <\/em><\/strong><\/span><\/p>\n<p><span style=\"color: #000000;\">J: We released 5 singles after albums. First it came out &#8216;Kaiho&#8217; feat. K\u00e4rtsy Hatakka from <strong>Waltari<\/strong> 2018. Then &#8216;Tuhka&#8217; and &#8216;Autere&#8217; singles 2019. &#8216;Kaarna&#8217; came out 2020 and &#8216;Kaarna&#8217; in Spanish is &#8216;Corteza&#8217; featuring Zeta from <strong>M\u00e4go De Oz<\/strong>. It\u2019s been under work to have a tour together with <strong>M\u00e4go De Oz<\/strong> for years now. Always something with time frame that it hasn\u2019t been possible yet but I\u2019m sure it will happen sooner or later. It is funny how the singing language affects so much to the song. If you listen Kaarna in Finnish and right after Corteza in Spanish it is almost like a different song. So much the language affect the song.<\/span><\/p>\n<p><img loading=\"lazy\" decoding=\"async\" class=\" wp-image-2344 aligncenter\" src=\"https:\/\/katsf.es\/wp-content\/uploads\/2022\/02\/Sense-titolwdwae-300x298.jpg\" alt=\"\" width=\"372\" height=\"370\" srcset=\"https:\/\/katsf.es\/wp-content\/uploads\/2022\/02\/Sense-titolwdwae-300x298.jpg 300w, https:\/\/katsf.es\/wp-content\/uploads\/2022\/02\/Sense-titolwdwae-150x150.jpg 150w, https:\/\/katsf.es\/wp-content\/uploads\/2022\/02\/Sense-titolwdwae.jpg 436w\" sizes=\"(max-width: 372px) 100vw, 372px\" \/><\/p>\n<p><span style=\"color: #000000;\"><strong><em>K: We are next to conclude this interview but before, I would like to know if you have had the opportunity to see yourself become a cartoon character in the TrollfesT last December video \u2018Happy Heroes\u2019 (many people deduced that it was you). Did they warn you or was it a surprise?\u00a0<\/em><\/strong><\/span><\/p>\n<p><img loading=\"lazy\" decoding=\"async\" class=\" wp-image-2348 alignleft\" src=\"https:\/\/katsf.es\/wp-content\/uploads\/2022\/02\/Sense-titol-300x166.jpg\" alt=\"\" width=\"373\" height=\"206\" srcset=\"https:\/\/katsf.es\/wp-content\/uploads\/2022\/02\/Sense-titol-300x166.jpg 300w, https:\/\/katsf.es\/wp-content\/uploads\/2022\/02\/Sense-titol.jpg 382w\" sizes=\"(max-width: 373px) 100vw, 373px\" \/><\/p>\n<p><span style=\"color: #000000;\">J: They warn me a little bit before the video release. Thay are cool guys and great friends of us. The video is great!<\/span><\/p>\n<p><span style=\"color: #000000;\"><strong><em>K: By the way, TrollfesT currently are fighting to be Norway\u2019s candidate this year for Eurovision contest. As a band, have you ever considered the fact of representing Finland in this contest like Lordi did many years ago? <\/em><\/strong><\/span><\/p>\n<p><span style=\"color: #000000;\">J: We tried 2011 with a song &#8216;Mets\u00e4lle&#8217; but didn\u2019t get through the contest who is going to send there.<\/span><\/p>\n<p><span style=\"color: #000000;\"><strong><em>K: Jonne thank you very much for taking a little time with me. Do you want to add something else?<\/em><\/strong><\/span><\/p>\n<p><span style=\"color: #000000;\">J: Thank you and I really hope to see everyone of you readers on the upcoming gigs! Until that, be safe! Peace, love, folk and metal!<\/span><\/p>\n<div id=\"attachment_2352\" style=\"width: 136px\" class=\"wp-caption aligncenter\"><img loading=\"lazy\" decoding=\"async\" aria-describedby=\"caption-attachment-2352\" class=\"wp-image-2352 size-medium\" src=\"https:\/\/katsf.es\/wp-content\/uploads\/2022\/02\/pyynikin-korpiklaani-vodka-1-126x300.jpg\" alt=\"\" width=\"126\" height=\"300\" \/><p id=\"caption-attachment-2352\" class=\"wp-caption-text\"><span style=\"color: #000000;\"><strong>Pyynikin<\/strong> Korpiklaani Herbal Vodka<\/span><\/p><\/div>\n<p><span style=\"color: #000000;\">To follow <strong>Jonne J\u00e4rvel\u00e4, Jonne-band<\/strong> and <strong>Korpiklaani<\/strong><\/span><\/p>\n<p><span style=\"color: #000000;\"><strong>Facebook<\/strong><\/span><\/p>\n<p><a href=\"https:\/\/www.facebook.com\/JonneMusic\">https:\/\/www.facebook.com\/JonneMusic<\/a><\/p>\n<p><a href=\"https:\/\/www.facebook.com\/JonneJarvelaKorpiklaani\">https:\/\/www.facebook.com\/JonneJarvelaKorpiklaani<\/a><\/p>\n<p><a href=\"https:\/\/www.facebook.com\/korpiklaani\">https:\/\/www.facebook.com\/korpiklaani<\/a><\/p>\n<p><span style=\"color: #000000;\"><strong>Instagram<\/strong><\/span><\/p>\n<p><a href=\"https:\/\/www.instagram.com\/official_korpiklaani\">https:\/\/www.instagram.com\/official_korpiklaani<\/a><\/p>\n<p><a href=\"https:\/\/www.instagram.com\/jonne.jarvela_official\">https:\/\/www.instagram.com\/jonne.jarvela_official<\/a><\/p>\n<p><a href=\"https:\/\/www.instagram.com\/jonne_band\">https:\/\/www.instagram.com\/jonne_band<\/a><\/p>\n<p><a href=\"https:\/\/www.instagram.com\/jonnemusic\">https:\/\/www.instagram.com\/jonnemusic<\/a><\/p>\n<p><span style=\"color: #000000;\"><strong>Youtube<\/strong><\/span><\/p>\n<p><a href=\"https:\/\/www.youtube.com\/watch?v=t3QpXhEnjuQ\">https:\/\/www.youtube.com\/watch?v=t3QpXhEnjuQ<\/a><\/p>\n<p><a href=\"https:\/\/www.youtube.com\/channel\/UCKTIpsCAjdIHCKQxXldqlSg\">https:\/\/www.youtube.com\/channel\/UCKTIpsCAjdIHCKQxXldqlSg<\/a><\/p>\n<p><span style=\"color: #000000;\"><strong>Official Site<\/strong><\/span><\/p>\n<p><a href=\"http:\/\/korpiklaani.com\">http:\/\/korpiklaani.com<\/a><\/p>\n<p><span style=\"color: #000000;\"><strong>Twitter<\/strong><\/span><\/p>\n<p><a href=\"https:\/\/twitter.com\/_korpiklaani\">https:\/\/twitter.com\/_korpiklaani<\/a><\/p>\n<p><span style=\"color: #000000;\"><strong>Spotify<\/strong><\/span><\/p>\n<p><a href=\"https:\/\/open.spotify.com\/artist\/521Yl3LUvD7G9dMRO4fpCy\">https:\/\/open.spotify.com\/artist\/521Yl3LUvD7G9dMRO4fpCy<\/a><\/p>\n","protected":false},"excerpt":{"rendered":"<p>VALENCIA\u2019N\u2019METAL AROUND THE WORLD opens the Chinese New Year of the Tiger interviewing Jonne J\u00e4rvel\u00e4, visible leader of the extremely famous finnish band KORPIKLAANI, awarded in April 2021 with the award for Best Infused and Botanical Vodka. With him we will talk about the band&#8217;s latest album, his solo project and his intentions after the cancellation of his tour. Do not miss it!<\/p>\n","protected":false},"author":2,"featured_media":2331,"comment_status":"closed","ping_status":"open","sticky":false,"template":"","format":"standard","meta":{"_et_pb_use_builder":"","_et_pb_old_content":"","_et_gb_content_width":"","footnotes":""},"categories":[32],"tags":[678,473,616,672,673,675,614,674,677,477,676,539],"class_list":["post-2354","post","type-post","status-publish","format-standard","has-post-thumbnail","hentry","category-chronicle-reviews","tag-2022-en","tag-disco-en","tag-exclusive","tag-finland","tag-finnish-metal","tag-folk-en","tag-interview","tag-jonne-band","tag-jonne-jarvela-en","tag-kat-sf-en","tag-korpiklaani-en","tag-tour"],"yoast_head":"<!-- This site is optimized with the Yoast SEO plugin v28.3 - https:\/\/yoast.com\/product\/yoast-seo-wordpress\/ -->\n<title>INTERVIEW WITH JONNE J\u00c4RVEL\u00c4 (KORPIKLAANI) - VAL\u00c8NCIA&#039;N&#039;METAL por Kat SF<\/title>\n<meta name=\"description\" content=\"Kat S.F. interviews Jonne J\u00e4rvel\u00e4, leader of the acclaimed Korpikaani to tell us about Folk and Metal and his solo project.\" \/>\n<meta name=\"robots\" content=\"index, follow, max-snippet:-1, max-image-preview:large, max-video-preview:-1\" \/>\n<link rel=\"canonical\" href=\"https:\/\/katsf.es\/en\/interview-with-jonne-jarvela-korpiklaani\/\" \/>\n<meta property=\"og:locale\" content=\"en_US\" \/>\n<meta property=\"og:type\" content=\"article\" \/>\n<meta property=\"og:title\" content=\"INTERVIEW WITH JONNE J\u00c4RVEL\u00c4 (KORPIKLAANI) - VAL\u00c8NCIA&#039;N&#039;METAL por Kat SF\" \/>\n<meta property=\"og:description\" content=\"Kat S.F. interviews Jonne J\u00e4rvel\u00e4, leader of the acclaimed Korpikaani to tell us about Folk and Metal and his solo project.\" \/>\n<meta property=\"og:url\" content=\"https:\/\/katsf.es\/en\/interview-with-jonne-jarvela-korpiklaani\/\" \/>\n<meta property=\"og:site_name\" content=\"VAL\u00c8NCIA&#039;N&#039;METAL por Kat SF\" \/>\n<meta property=\"article:published_time\" content=\"2022-02-07T19:42:46+00:00\" \/>\n<meta property=\"article:modified_time\" content=\"2023-03-31T12:52:43+00:00\" \/>\n<meta property=\"og:image\" content=\"https:\/\/katsf.es\/wp-content\/uploads\/2022\/02\/logo-korp.jpg\" \/>\n\t<meta property=\"og:image:width\" content=\"1600\" \/>\n\t<meta property=\"og:image:height\" content=\"625\" \/>\n\t<meta property=\"og:image:type\" content=\"image\/jpeg\" \/>\n<meta name=\"author\" content=\"Kat SF\" \/>\n<meta name=\"twitter:card\" content=\"summary_large_image\" \/>\n<meta name=\"twitter:label1\" content=\"Written by\" \/>\n\t<meta name=\"twitter:data1\" content=\"Kat SF\" \/>\n\t<meta name=\"twitter:label2\" content=\"Est. reading time\" \/>\n\t<meta name=\"twitter:data2\" content=\"7 minutes\" \/>\n<script type=\"application\/ld+json\" class=\"yoast-schema-graph\">{\"@context\":\"https:\\\/\\\/schema.org\",\"@graph\":[{\"@type\":\"Article\",\"@id\":\"https:\\\/\\\/katsf.es\\\/en\\\/interview-with-jonne-jarvela-korpiklaani\\\/#article\",\"isPartOf\":{\"@id\":\"https:\\\/\\\/katsf.es\\\/en\\\/interview-with-jonne-jarvela-korpiklaani\\\/\"},\"author\":{\"name\":\"Kat SF\",\"@id\":\"https:\\\/\\\/katsf.es\\\/en\\\/#\\\/schema\\\/person\\\/ae87ba84066f0d2230e0d5cbf3d3600d\"},\"headline\":\"INTERVIEW WITH JONNE J\u00c4RVEL\u00c4 (KORPIKLAANI)\",\"datePublished\":\"2022-02-07T19:42:46+00:00\",\"dateModified\":\"2023-03-31T12:52:43+00:00\",\"mainEntityOfPage\":{\"@id\":\"https:\\\/\\\/katsf.es\\\/en\\\/interview-with-jonne-jarvela-korpiklaani\\\/\"},\"wordCount\":1169,\"image\":{\"@id\":\"https:\\\/\\\/katsf.es\\\/en\\\/interview-with-jonne-jarvela-korpiklaani\\\/#primaryimage\"},\"thumbnailUrl\":\"https:\\\/\\\/katsf.es\\\/wp-content\\\/uploads\\\/2022\\\/02\\\/logo-korp.jpg\",\"keywords\":[\"2022\",\"disco\",\"exclusive\",\"finland\",\"finnish metal\",\"folk\",\"interview\",\"jonne band\",\"jonne j\u00e4rvel\u00e4\",\"kat sf\",\"korpiklaani\",\"tour\"],\"articleSection\":[\"Chronicle &amp; Reviews\"],\"inLanguage\":\"en-US\"},{\"@type\":\"WebPage\",\"@id\":\"https:\\\/\\\/katsf.es\\\/en\\\/interview-with-jonne-jarvela-korpiklaani\\\/\",\"url\":\"https:\\\/\\\/katsf.es\\\/en\\\/interview-with-jonne-jarvela-korpiklaani\\\/\",\"name\":\"INTERVIEW WITH JONNE J\u00c4RVEL\u00c4 (KORPIKLAANI) - VAL\u00c8NCIA&#039;N&#039;METAL por Kat SF\",\"isPartOf\":{\"@id\":\"https:\\\/\\\/katsf.es\\\/en\\\/#website\"},\"primaryImageOfPage\":{\"@id\":\"https:\\\/\\\/katsf.es\\\/en\\\/interview-with-jonne-jarvela-korpiklaani\\\/#primaryimage\"},\"image\":{\"@id\":\"https:\\\/\\\/katsf.es\\\/en\\\/interview-with-jonne-jarvela-korpiklaani\\\/#primaryimage\"},\"thumbnailUrl\":\"https:\\\/\\\/katsf.es\\\/wp-content\\\/uploads\\\/2022\\\/02\\\/logo-korp.jpg\",\"datePublished\":\"2022-02-07T19:42:46+00:00\",\"dateModified\":\"2023-03-31T12:52:43+00:00\",\"author\":{\"@id\":\"https:\\\/\\\/katsf.es\\\/en\\\/#\\\/schema\\\/person\\\/ae87ba84066f0d2230e0d5cbf3d3600d\"},\"description\":\"Kat S.F. interviews Jonne J\u00e4rvel\u00e4, leader of the acclaimed Korpikaani to tell us about Folk and Metal and his solo project.\",\"breadcrumb\":{\"@id\":\"https:\\\/\\\/katsf.es\\\/en\\\/interview-with-jonne-jarvela-korpiklaani\\\/#breadcrumb\"},\"inLanguage\":\"en-US\",\"potentialAction\":[{\"@type\":\"ReadAction\",\"target\":[\"https:\\\/\\\/katsf.es\\\/en\\\/interview-with-jonne-jarvela-korpiklaani\\\/\"]}]},{\"@type\":\"ImageObject\",\"inLanguage\":\"en-US\",\"@id\":\"https:\\\/\\\/katsf.es\\\/en\\\/interview-with-jonne-jarvela-korpiklaani\\\/#primaryimage\",\"url\":\"https:\\\/\\\/katsf.es\\\/wp-content\\\/uploads\\\/2022\\\/02\\\/logo-korp.jpg\",\"contentUrl\":\"https:\\\/\\\/katsf.es\\\/wp-content\\\/uploads\\\/2022\\\/02\\\/logo-korp.jpg\",\"width\":1600,\"height\":625},{\"@type\":\"BreadcrumbList\",\"@id\":\"https:\\\/\\\/katsf.es\\\/en\\\/interview-with-jonne-jarvela-korpiklaani\\\/#breadcrumb\",\"itemListElement\":[{\"@type\":\"ListItem\",\"position\":1,\"name\":\"Portada\",\"item\":\"https:\\\/\\\/katsf.es\\\/en\\\/\"},{\"@type\":\"ListItem\",\"position\":2,\"name\":\"INTERVIEW WITH JONNE J\u00c4RVEL\u00c4 (KORPIKLAANI)\"}]},{\"@type\":\"WebSite\",\"@id\":\"https:\\\/\\\/katsf.es\\\/en\\\/#website\",\"url\":\"https:\\\/\\\/katsf.es\\\/en\\\/\",\"name\":\"VAL\u00c8NCIA&#039;N&#039;METAL por Kat SF\",\"description\":\"entrevistas l\u00edderes y profesionales del campo musical\",\"potentialAction\":[{\"@type\":\"SearchAction\",\"target\":{\"@type\":\"EntryPoint\",\"urlTemplate\":\"https:\\\/\\\/katsf.es\\\/en\\\/?s={search_term_string}\"},\"query-input\":{\"@type\":\"PropertyValueSpecification\",\"valueRequired\":true,\"valueName\":\"search_term_string\"}}],\"inLanguage\":\"en-US\"},{\"@type\":\"Person\",\"@id\":\"https:\\\/\\\/katsf.es\\\/en\\\/#\\\/schema\\\/person\\\/ae87ba84066f0d2230e0d5cbf3d3600d\",\"name\":\"Kat SF\",\"image\":{\"@type\":\"ImageObject\",\"inLanguage\":\"en-US\",\"@id\":\"https:\\\/\\\/secure.gravatar.com\\\/avatar\\\/1c9ffa80d9da8dfa7be1bd38f3a50e6db4e4c328bd5c984ac5a4c2d3486a11c2?s=96&d=mm&r=g\",\"url\":\"https:\\\/\\\/secure.gravatar.com\\\/avatar\\\/1c9ffa80d9da8dfa7be1bd38f3a50e6db4e4c328bd5c984ac5a4c2d3486a11c2?s=96&d=mm&r=g\",\"contentUrl\":\"https:\\\/\\\/secure.gravatar.com\\\/avatar\\\/1c9ffa80d9da8dfa7be1bd38f3a50e6db4e4c328bd5c984ac5a4c2d3486a11c2?s=96&d=mm&r=g\",\"caption\":\"Kat SF\"},\"url\":\"https:\\\/\\\/katsf.es\\\/en\\\/author\\\/kath-es-fusgmail-com\\\/\"}]}<\/script>\n<!-- \/ Yoast SEO plugin. -->","yoast_head_json":{"title":"INTERVIEW WITH JONNE J\u00c4RVEL\u00c4 (KORPIKLAANI) - VAL\u00c8NCIA&#039;N&#039;METAL por Kat SF","description":"Kat S.F. interviews Jonne J\u00e4rvel\u00e4, leader of the acclaimed Korpikaani to tell us about Folk and Metal and his solo project.","robots":{"index":"index","follow":"follow","max-snippet":"max-snippet:-1","max-image-preview":"max-image-preview:large","max-video-preview":"max-video-preview:-1"},"canonical":"https:\/\/katsf.es\/en\/interview-with-jonne-jarvela-korpiklaani\/","og_locale":"en_US","og_type":"article","og_title":"INTERVIEW WITH JONNE J\u00c4RVEL\u00c4 (KORPIKLAANI) - VAL\u00c8NCIA&#039;N&#039;METAL por Kat SF","og_description":"Kat S.F. interviews Jonne J\u00e4rvel\u00e4, leader of the acclaimed Korpikaani to tell us about Folk and Metal and his solo project.","og_url":"https:\/\/katsf.es\/en\/interview-with-jonne-jarvela-korpiklaani\/","og_site_name":"VAL\u00c8NCIA&#039;N&#039;METAL por Kat SF","article_published_time":"2022-02-07T19:42:46+00:00","article_modified_time":"2023-03-31T12:52:43+00:00","og_image":[{"width":1600,"height":625,"url":"https:\/\/katsf.es\/wp-content\/uploads\/2022\/02\/logo-korp.jpg","type":"image\/jpeg"}],"author":"Kat SF","twitter_card":"summary_large_image","twitter_misc":{"Written by":"Kat SF","Est. reading time":"7 minutes"},"schema":{"@context":"https:\/\/schema.org","@graph":[{"@type":"Article","@id":"https:\/\/katsf.es\/en\/interview-with-jonne-jarvela-korpiklaani\/#article","isPartOf":{"@id":"https:\/\/katsf.es\/en\/interview-with-jonne-jarvela-korpiklaani\/"},"author":{"name":"Kat SF","@id":"https:\/\/katsf.es\/en\/#\/schema\/person\/ae87ba84066f0d2230e0d5cbf3d3600d"},"headline":"INTERVIEW WITH JONNE J\u00c4RVEL\u00c4 (KORPIKLAANI)","datePublished":"2022-02-07T19:42:46+00:00","dateModified":"2023-03-31T12:52:43+00:00","mainEntityOfPage":{"@id":"https:\/\/katsf.es\/en\/interview-with-jonne-jarvela-korpiklaani\/"},"wordCount":1169,"image":{"@id":"https:\/\/katsf.es\/en\/interview-with-jonne-jarvela-korpiklaani\/#primaryimage"},"thumbnailUrl":"https:\/\/katsf.es\/wp-content\/uploads\/2022\/02\/logo-korp.jpg","keywords":["2022","disco","exclusive","finland","finnish metal","folk","interview","jonne band","jonne j\u00e4rvel\u00e4","kat sf","korpiklaani","tour"],"articleSection":["Chronicle &amp; Reviews"],"inLanguage":"en-US"},{"@type":"WebPage","@id":"https:\/\/katsf.es\/en\/interview-with-jonne-jarvela-korpiklaani\/","url":"https:\/\/katsf.es\/en\/interview-with-jonne-jarvela-korpiklaani\/","name":"INTERVIEW WITH JONNE J\u00c4RVEL\u00c4 (KORPIKLAANI) - VAL\u00c8NCIA&#039;N&#039;METAL por Kat SF","isPartOf":{"@id":"https:\/\/katsf.es\/en\/#website"},"primaryImageOfPage":{"@id":"https:\/\/katsf.es\/en\/interview-with-jonne-jarvela-korpiklaani\/#primaryimage"},"image":{"@id":"https:\/\/katsf.es\/en\/interview-with-jonne-jarvela-korpiklaani\/#primaryimage"},"thumbnailUrl":"https:\/\/katsf.es\/wp-content\/uploads\/2022\/02\/logo-korp.jpg","datePublished":"2022-02-07T19:42:46+00:00","dateModified":"2023-03-31T12:52:43+00:00","author":{"@id":"https:\/\/katsf.es\/en\/#\/schema\/person\/ae87ba84066f0d2230e0d5cbf3d3600d"},"description":"Kat S.F. interviews Jonne J\u00e4rvel\u00e4, leader of the acclaimed Korpikaani to tell us about Folk and Metal and his solo project.","breadcrumb":{"@id":"https:\/\/katsf.es\/en\/interview-with-jonne-jarvela-korpiklaani\/#breadcrumb"},"inLanguage":"en-US","potentialAction":[{"@type":"ReadAction","target":["https:\/\/katsf.es\/en\/interview-with-jonne-jarvela-korpiklaani\/"]}]},{"@type":"ImageObject","inLanguage":"en-US","@id":"https:\/\/katsf.es\/en\/interview-with-jonne-jarvela-korpiklaani\/#primaryimage","url":"https:\/\/katsf.es\/wp-content\/uploads\/2022\/02\/logo-korp.jpg","contentUrl":"https:\/\/katsf.es\/wp-content\/uploads\/2022\/02\/logo-korp.jpg","width":1600,"height":625},{"@type":"BreadcrumbList","@id":"https:\/\/katsf.es\/en\/interview-with-jonne-jarvela-korpiklaani\/#breadcrumb","itemListElement":[{"@type":"ListItem","position":1,"name":"Portada","item":"https:\/\/katsf.es\/en\/"},{"@type":"ListItem","position":2,"name":"INTERVIEW WITH JONNE J\u00c4RVEL\u00c4 (KORPIKLAANI)"}]},{"@type":"WebSite","@id":"https:\/\/katsf.es\/en\/#website","url":"https:\/\/katsf.es\/en\/","name":"VAL\u00c8NCIA&#039;N&#039;METAL por Kat SF","description":"entrevistas l\u00edderes y profesionales del campo musical","potentialAction":[{"@type":"SearchAction","target":{"@type":"EntryPoint","urlTemplate":"https:\/\/katsf.es\/en\/?s={search_term_string}"},"query-input":{"@type":"PropertyValueSpecification","valueRequired":true,"valueName":"search_term_string"}}],"inLanguage":"en-US"},{"@type":"Person","@id":"https:\/\/katsf.es\/en\/#\/schema\/person\/ae87ba84066f0d2230e0d5cbf3d3600d","name":"Kat SF","image":{"@type":"ImageObject","inLanguage":"en-US","@id":"https:\/\/secure.gravatar.com\/avatar\/1c9ffa80d9da8dfa7be1bd38f3a50e6db4e4c328bd5c984ac5a4c2d3486a11c2?s=96&d=mm&r=g","url":"https:\/\/secure.gravatar.com\/avatar\/1c9ffa80d9da8dfa7be1bd38f3a50e6db4e4c328bd5c984ac5a4c2d3486a11c2?s=96&d=mm&r=g","contentUrl":"https:\/\/secure.gravatar.com\/avatar\/1c9ffa80d9da8dfa7be1bd38f3a50e6db4e4c328bd5c984ac5a4c2d3486a11c2?s=96&d=mm&r=g","caption":"Kat SF"},"url":"https:\/\/katsf.es\/en\/author\/kath-es-fusgmail-com\/"}]}},"_links":{"self":[{"href":"https:\/\/katsf.es\/en\/wp-json\/wp\/v2\/posts\/2354","targetHints":{"allow":["GET"]}}],"collection":[{"href":"https:\/\/katsf.es\/en\/wp-json\/wp\/v2\/posts"}],"about":[{"href":"https:\/\/katsf.es\/en\/wp-json\/wp\/v2\/types\/post"}],"author":[{"embeddable":true,"href":"https:\/\/katsf.es\/en\/wp-json\/wp\/v2\/users\/2"}],"replies":[{"embeddable":true,"href":"https:\/\/katsf.es\/en\/wp-json\/wp\/v2\/comments?post=2354"}],"version-history":[{"count":4,"href":"https:\/\/katsf.es\/en\/wp-json\/wp\/v2\/posts\/2354\/revisions"}],"predecessor-version":[{"id":2436,"href":"https:\/\/katsf.es\/en\/wp-json\/wp\/v2\/posts\/2354\/revisions\/2436"}],"wp:featuredmedia":[{"embeddable":true,"href":"https:\/\/katsf.es\/en\/wp-json\/wp\/v2\/media\/2331"}],"wp:attachment":[{"href":"https:\/\/katsf.es\/en\/wp-json\/wp\/v2\/media?parent=2354"}],"wp:term":[{"taxonomy":"category","embeddable":true,"href":"https:\/\/katsf.es\/en\/wp-json\/wp\/v2\/categories?post=2354"},{"taxonomy":"post_tag","embeddable":true,"href":"https:\/\/katsf.es\/en\/wp-json\/wp\/v2\/tags?post=2354"}],"curies":[{"name":"wp","href":"https:\/\/api.w.org\/{rel}","templated":true}]}}