{"id":4331,"date":"2025-06-22T14:43:37","date_gmt":"2025-06-22T12:43:37","guid":{"rendered":"https:\/\/katsf.es\/?p=4331"},"modified":"2025-06-22T14:56:57","modified_gmt":"2025-06-22T12:56:57","slug":"interview-with-remi-a-nygard-inculter-nor","status":"publish","type":"post","link":"https:\/\/katsf.es\/en\/interview-with-remi-a-nygard-inculter-nor\/","title":{"rendered":"INTERVIEW WITH REMI A. NYG\u00c5RD, INCULTER (NOR)"},"content":{"rendered":"<p><img loading=\"lazy\" decoding=\"async\" class=\" wp-image-4326 aligncenter\" src=\"https:\/\/katsf.es\/wp-content\/uploads\/2025\/06\/logo-300x151.jpg\" alt=\"\" width=\"366\" height=\"184\" \/><\/p>\n<p><span style=\"color: #000000;\">The band I\u2019m inviting you to meet today, <strong>Inculter<\/strong>, may be a complete unknown for many of our Lectors, but the truth is different for this Norwegian Black Thrash band, because our shores are not uncharted territory. A year and a half ago, <strong>Inculter<\/strong> played in Madrid and Barcelona at the first edition of the Catalan association <strong>Manguales<\/strong>\u2019 eponymous festival. This festival, which was also scheduled to take place in our land, VLC, had to be canceled due to the disasters caused by the DANA.<\/span><\/p>\n<p><span style=\"color: #000000;\">But in <strong>VALENCIA\u2019N\u2019METAL AROUND THE WORLD<\/strong>, who always looking for a great new bands to speak and learn with, when know the existence of <strong>Inculter<\/strong> and after listening carefully, didn\u2019t hesitate for a moment to contact with them.\u00a0<\/span><\/p>\n<p><span style=\"color: #000000;\"> <strong>Remi Andr\u00e8 Nyg\u00e5rd<\/strong>, <strong>Inculter<\/strong>&#8216;s guitarist and lead vocals, very kindly accepted my invitation to participate to my portal. And here\u2019s what he told me.<\/span><\/p>\n<p><span style=\"color: #000000;\"><strong><em>Kat: Hello Remi! And thank you so much to take a little of your time for response a few questions for our webzine VALENCIA\u2019N\u2019METAL AROUND THE WORLD. Let\u2019s begin! <\/em><\/strong><strong><em>Inculter is a Norwegian band that is relatively little known here at SPN. So, for those who don&#8217;t know you yet, tell me, when and who started Inculter? Are you the same members who started it or have there been changes in you line up?<\/em><\/strong><\/span><\/p>\n<p><span style=\"color: #000000;\">Remi: Hi! <strong>Inculter<\/strong> started as a thrashing duo in 2012. Back then it was just me (<strong>Remi<\/strong>) on guitar\/vocals and <strong>Even Bakke<\/strong> on drums, we were only 14 and 12 years old at the time. We released a couple of singles the first year, before our first bass player <strong>Cato Bakke<\/strong> joined the band in 2013. It was with this lineup we made our debut EP (<em>Stygian Deluge<\/em>) and our debut full-length (<em>Persisting Devolution<\/em>, 2015). Since then we have released two more full length albums and many changes have been made to the lineup. The latest album was <em>Morbid Origin<\/em>, which was released in 2023.<\/span><\/p>\n<p><span style=\"color: #000000;\"><strong><em>K.: For many people Norway is the quintessential birthplace of Black Metal, because many of the best Black Metal bands have come from there. Do you think Norway has special characteristics for Black Metal that aren\u2019t found in other countries or does it have nothing to do with it?<\/em><\/strong><\/span><\/p>\n<p><span style=\"color: #000000;\">Remi: Yes for sure! I have a feeling that the 90s Black Metal sound has morphed its way into many of the other sub-genres of the Metal scene in Norway. Many of the bands doing Thrash or Death Metal here has some kind of inspirations coming from the Black Metal, which can make for a kind of unique and darker sound to the genres.<\/span><\/p>\n<p><span style=\"color: #000000;\"><strong><em>K.: Yes, I am agree with your point of view. But luckily the Norwegian scene doesn\u2019t only live off BM because your scene have many other bands like Turbonegro, Chrome Division or The Carburetors and many that could make us consider t<\/em><\/strong><\/span><span style=\"color: #000000;\"><strong><em>hat <\/em><\/strong><\/span><strong style=\"color: #000000;\"><em>Norway\u2019s mainstream it could be Black Metal and the Underground could be the everything else. <\/em><\/strong><strong style=\"color: #000000;\"><em>Don\u2019t you think it\u2019s a little unfair that, given the size of your scene, Norway is only known for one genre?<\/em><\/strong><\/p>\n<p><span style=\"color: #000000;\">Remi: I don\u2019t know if it\u2019s unfair, but I certainly think that people should open their eyes to the Norwegian Thrash and Death Metal scene. We have some of the best new bands in these genres, but they never get the full recognition that they deserve. Check out <strong>Abhorration<\/strong> and <strong>Sovereign<\/strong>, both bands released absolutely fantastic debut albums last year, best Death Metal albums I\u2019ve heard in a long time.<\/span><\/p>\n<p><span style=\"color: #000000;\"><strong><em>K.: I am agree with you again and I\u2019ll check it up those bands you recommend and I will listen to them. When I started to listen Metal, one of the bands that caught my attention the most within your scene was, of course, Aura Noir and their unique way of fusing Black and Thrash.<\/em><\/strong><\/span><\/p>\n<p><span style=\"color: #000000;\"><strong><em>Was Aura Noir the reason by you decided for this style?<\/em><\/strong><\/span><\/p>\n<p><span style=\"color: #000000;\">Remi: They were definitely a part of the equation, though not the whole reason of course. I\u2019ve loved <strong>Aura Noir<\/strong> ever since I discovered them fifteen years ago, and they continue to amaze me both on record and live.<\/span><\/p>\n<p><span style=\"color: #000000;\"><strong><em>\u00a0<\/em><\/strong><strong><em>K.: Yes! They are still incredible. But, could you explain to me in your own words what Black \/ Thrash is?<\/em><\/strong><\/span><\/p>\n<p><span style=\"color: #000000;\">Remi: I would just say that it is a mix of Thrash and Black metal. I don\u2019t know how to explain it any better than that. Just listen to <strong>Aura Noir<\/strong>, they are the prime example.<\/span><\/p>\n<p><span style=\"color: #000000;\"><strong><em>K.: And why do you think there are sectors that still don\u2019t consider this genre like an original and unique style?<\/em><\/strong><\/span><\/p>\n<p><span style=\"color: #000000;\">Remi: It\u2019s been around since the 80s\/90s, so it\u2019s not like it\u2019s groundbreaking to mix the genres nowadays.<\/span><\/p>\n<p><span style=\"color: #000000;\"><strong><em>K.: Aura Noir\u2019s influence is present in many other bands like Condor or Nekromantheon. Would you like to be able to participate together in a kind of \u2018The Aura Noir Legacy Fest\u2019? Has anyone ever considered it?<\/em><\/strong><\/span><\/p>\n<p><span style=\"color: #000000;\">Remi: Haha, well who knows. I think the <strong>Aura Noir<\/strong> guys would be quite embarrassed if something like that would ever happen though.<\/span><\/p>\n<div id=\"attachment_4329\" style=\"width: 329px\" class=\"wp-caption alignright\"><img loading=\"lazy\" decoding=\"async\" aria-describedby=\"caption-attachment-4329\" class=\"wp-image-4329\" src=\"https:\/\/katsf.es\/wp-content\/uploads\/2025\/06\/INCULTER-foto-interview-from-the-Morbid-Origin-album-photo-session-2023-293x300.jpg\" alt=\"\" width=\"319\" height=\"327\" srcset=\"https:\/\/katsf.es\/wp-content\/uploads\/2025\/06\/INCULTER-foto-interview-from-the-Morbid-Origin-album-photo-session-2023-293x300.jpg 293w, https:\/\/katsf.es\/wp-content\/uploads\/2025\/06\/INCULTER-foto-interview-from-the-Morbid-Origin-album-photo-session-2023.jpg 401w\" sizes=\"(max-width: 319px) 100vw, 319px\" \/><p id=\"caption-attachment-4329\" class=\"wp-caption-text\"><strong><span style=\"color: #000000;\">Inculter (2023, &#8216;Morbid Origin&#8217; photo session)<\/span><\/strong><\/p><\/div>\n<p><span style=\"color: #000000;\"><strong><em>K.: In Inculter you seek the purist musical form of Black \/ Thrash. However, having listened (and on several occasions) to your first three albums: \u2018Persisting Devolution\u2019 (2015), \u2018Fatal Visions\u2019 (2019) and \u2018Morbid Origin\u2019 (2023), I realized that your musical expression is darker than other bands like Condor or Nekromantheon. Do you agree? And if you agree, why do you think there is this nuance that separates you from the others?<\/em><\/strong><\/span><\/p>\n<p><span style=\"color: #000000;\">Remi: That is kind of a subjective matter, I haven\u2019t really thought of our music as any darker than <strong>Condor<\/strong> or <strong>Nekromantheon,<\/strong> but if you feel that, it\u2019s cool! There are definitely nuances that separate the Norwegian Thrash bands, I\u2019ve always felt that each has its own style within the genre. It may not always be very apparent to new listeners, but if you dive into it, you can really hear lots of differences.<\/span><\/p>\n<p><span style=\"color: #000000;\"><strong><em>K.: As I mentioned before, Inculter\u2019s latest album, Morbid Origin, was released in 2023. Are you preparing new material to go back into the studio?<\/em><\/strong><\/span><\/p>\n<p><span style=\"color: #000000;\">Remi: Yes! We\u2019re hoping to go to the studio to record a new album this year. We have lots of new material, we just need to find time to rehearse a lot and complete the songs.<\/span><\/p>\n<p><span style=\"color: #000000;\"><strong><em>K.: Great news! <\/em><\/strong><strong><em>We will be on the lookout. <\/em><\/strong><strong><em>Inculter currently with Edged Circle Productions, a Norwegian label focused, according to my information, on Black Metal. Tell me, is it difficult for labels nowadays to take care with bands that practice a style as unconventional as yours?<\/em><\/strong><\/span><\/p>\n<p><span style=\"color: #000000;\">Remi: It\u2019s pretty obvious that Black\/Thrash isn\u2019t a luxurious genre. I don\u2019t know how labels work with such niche genres, but it seems to have been doing fine for us at least, not a lot of money, but neither a lot of expenses, so I think we\u2019re all good.<\/span><\/p>\n<p><span style=\"color: #000000;\"><strong><em>K.: And do you think sometimes it wouldn\u2019t be better to leave everything in the digital platforms or are you one of those who prefer the physical format no matter what?<\/em><\/strong><\/span><\/p>\n<p><span style=\"color: #000000;\">Remi: Physical format all the way. Fans of this genre luckily still buy records. Digital is fine of course, but for myself, I don\u2019t feel like full satisfaction of releasing a record before I hold the physical format in my hands.<\/span><\/p>\n<p><span style=\"color: #000000;\"><strong><em>K.: The fact that Black\/Thrash combines the best of both styles, is that also reflected in the lyrics? Who usually handles the lyrics in Inculter?<\/em><\/strong><\/span><\/p>\n<p><span style=\"color: #000000;\">Remi: The lyrics are usually written by me or <strong>Daniel (Tveit, drums<\/strong>). It reflects all kinds of stuff, from occult rituals to mental troubles.<\/span><\/p>\n<p><span style=\"color: #000000;\"><strong><em>K.: I see\u2026 with this, the themes are unlimited. If I know well, your last show was on May 28th in Bergen. Do you have <\/em><\/strong><strong><em>more dates closed<\/em><\/strong><strong><em>? Will you be at any festivals this summer? <\/em><\/strong><\/span><\/p>\n<p><span style=\"color: #000000;\">Remi: We don\u2019t have anything that has been announced yet. This year we will focus on finishing the next album and maybe do a few shows if we find time for it.<\/span><\/p>\n<p><span style=\"color: #000000;\"><strong><em>K.: That\u2019s a great goal, too. I know that the last year you visit Spain for a few shows. Do you like return to SPN?<\/em><\/strong><\/span><\/p>\n<p><span style=\"color: #000000;\">Remi: Yeah correct! We were doing three shows with the fellow Norwegian thrashers <strong>Nekromantheon<\/strong>. Sadly the tragic flood in Valencia happened, we were supposed to do one of the shows there. So first priority would be to be back in Valencia to make up for the show that didn\u2019t happen.<\/span><\/p>\n<p><span style=\"color: #000000;\"><strong><em>K.: Oh! That\u2019s make me happy! <\/em><\/strong><strong><em>I hope it can be true and I have the opportunity to see you live<\/em><\/strong><strong><em>. So, Remi if you want to add anything else, go ahead!<\/em><\/strong><\/span><\/p>\n<p><span style=\"color: #000000;\">Remi: Thanks for the interview! Hopefully we will have a new album in the not so far future, so stay tuned. Cheers.<\/span><\/p>\n<p><span style=\"color: #000000;\"><strong><em>K.: We will. Thanks so much for you time. Very appreciated. <\/em><\/strong><\/span><\/p>\n<p><span style=\"color: #000000;\"><strong>Inculter<\/strong> in <strong>RRSS<\/strong><\/span><\/p>\n<p><span style=\"color: #000000;\"><strong>Instagram<\/strong><\/span><\/p>\n<p><a href=\"https:\/\/www.instagram.com\/inculterofficial\/\">https:\/\/www.instagram.com\/inculterofficial\/<\/a><\/p>\n<p><span style=\"color: #000000;\"><strong>Facebook<\/strong><\/span><\/p>\n<p><a href=\"https:\/\/www.facebook.com\/Inculter\">https:\/\/www.facebook.com\/Inculter<\/a><\/p>\n<p><span style=\"color: #000000;\"><strong>Spotify<\/strong><\/span><\/p>\n<p><a href=\"https:\/\/open.spotify.com\/intl-es\/artist\/6frSuLML1AfhbPSQv67pAL\">https:\/\/open.spotify.com\/intl-es\/artist\/6frSuLML1AfhbPSQv67pAL<\/a><\/p>\n","protected":false},"excerpt":{"rendered":"<p>VALENCIA&#8217;N&#8217;METAL AROUND THE WORLD returns to one of its favorite places, Norway, to invite you to meet by lead singer and guitarist Remi Andr\u00e8 Nyg\u00e5rd the Blackened Thrash Metal band Inculter, who will talk to us about the Norwegian scene and his most immediate projects.<br \/>\nSo don\u2019t hesitate and embrace Nordic Noir.<br \/>\nClick the link to learn more!<\/p>\n","protected":false},"author":2,"featured_media":4326,"comment_status":"closed","ping_status":"closed","sticky":false,"template":"","format":"standard","meta":{"_et_pb_use_builder":"","_et_pb_old_content":"","_et_gb_content_width":"","footnotes":""},"categories":[29],"tags":[1161,546,1162,616,1155,614,477,1158,1159,1160,600,1171,1157,95,596],"class_list":["post-4331","post","type-post","status-publish","format-standard","has-post-thumbnail","hentry","category-written-interviews","tag-2025-en","tag-black-en","tag-blackened-thrash-en","tag-exclusive","tag-inculter","tag-interview","tag-kat-sf-en","tag-morbid-origin","tag-new-bands","tag-nordic-noir","tag-norway","tag-remi-andre-nygard","tag-the-norwegian-secene","tag-thrash-en","tag-true-north-en"],"yoast_head":"<!-- This site is optimized with the Yoast SEO plugin v28.3 - https:\/\/yoast.com\/product\/yoast-seo-wordpress\/ -->\n<title>INTERVIEW WITH REMI A. NYG\u00c5RD, INCULTER (NOR) - VAL\u00c8NCIA&#039;N&#039;METAL por Kat SF<\/title>\n<meta name=\"description\" content=\"Kat S.F. interviews lead guitarist and vocalist Remi Andr\u00e8 Nyg\u00e5rd from the Norwegian band Inculter.\" \/>\n<meta name=\"robots\" content=\"index, follow, max-snippet:-1, max-image-preview:large, max-video-preview:-1\" \/>\n<link rel=\"canonical\" href=\"https:\/\/katsf.es\/en\/interview-with-remi-a-nygard-inculter-nor\/\" \/>\n<meta property=\"og:locale\" content=\"en_US\" \/>\n<meta property=\"og:type\" content=\"article\" \/>\n<meta property=\"og:title\" content=\"INTERVIEW WITH REMI A. NYG\u00c5RD, INCULTER (NOR) - VAL\u00c8NCIA&#039;N&#039;METAL por Kat SF\" \/>\n<meta property=\"og:description\" content=\"Kat S.F. interviews lead guitarist and vocalist Remi Andr\u00e8 Nyg\u00e5rd from the Norwegian band Inculter.\" \/>\n<meta property=\"og:url\" content=\"https:\/\/katsf.es\/en\/interview-with-remi-a-nygard-inculter-nor\/\" \/>\n<meta property=\"og:site_name\" content=\"VAL\u00c8NCIA&#039;N&#039;METAL por Kat SF\" \/>\n<meta property=\"article:published_time\" content=\"2025-06-22T12:43:37+00:00\" \/>\n<meta property=\"article:modified_time\" content=\"2025-06-22T12:56:57+00:00\" \/>\n<meta property=\"og:image\" content=\"https:\/\/katsf.es\/wp-content\/uploads\/2025\/06\/logo.jpg\" \/>\n\t<meta property=\"og:image:width\" content=\"952\" \/>\n\t<meta property=\"og:image:height\" content=\"480\" \/>\n\t<meta property=\"og:image:type\" content=\"image\/jpeg\" \/>\n<meta name=\"author\" content=\"Kat SF\" \/>\n<meta name=\"twitter:card\" content=\"summary_large_image\" \/>\n<meta name=\"twitter:label1\" content=\"Written by\" \/>\n\t<meta name=\"twitter:data1\" content=\"Kat SF\" \/>\n\t<meta name=\"twitter:label2\" content=\"Est. reading time\" \/>\n\t<meta name=\"twitter:data2\" content=\"8 minutes\" \/>\n<script type=\"application\/ld+json\" class=\"yoast-schema-graph\">{\"@context\":\"https:\\\/\\\/schema.org\",\"@graph\":[{\"@type\":\"Article\",\"@id\":\"https:\\\/\\\/katsf.es\\\/en\\\/interview-with-remi-a-nygard-inculter-nor\\\/#article\",\"isPartOf\":{\"@id\":\"https:\\\/\\\/katsf.es\\\/en\\\/interview-with-remi-a-nygard-inculter-nor\\\/\"},\"author\":{\"name\":\"Kat SF\",\"@id\":\"https:\\\/\\\/katsf.es\\\/en\\\/#\\\/schema\\\/person\\\/ae87ba84066f0d2230e0d5cbf3d3600d\"},\"headline\":\"INTERVIEW WITH REMI A. NYG\u00c5RD, INCULTER (NOR)\",\"datePublished\":\"2025-06-22T12:43:37+00:00\",\"dateModified\":\"2025-06-22T12:56:57+00:00\",\"mainEntityOfPage\":{\"@id\":\"https:\\\/\\\/katsf.es\\\/en\\\/interview-with-remi-a-nygard-inculter-nor\\\/\"},\"wordCount\":1559,\"image\":{\"@id\":\"https:\\\/\\\/katsf.es\\\/en\\\/interview-with-remi-a-nygard-inculter-nor\\\/#primaryimage\"},\"thumbnailUrl\":\"https:\\\/\\\/katsf.es\\\/wp-content\\\/uploads\\\/2025\\\/06\\\/logo.jpg\",\"keywords\":[\"2025\",\"black\",\"blackened thrash\",\"exclusive\",\"inculter\",\"interview\",\"kat sf\",\"morbid origin\",\"new bands\",\"nordic noir\",\"Norway\",\"Remi Andr\u00e8 Nyg\u00e5rd\",\"the norwegian secene\",\"thrash\",\"true north\"],\"articleSection\":[\"Written Interviews\"],\"inLanguage\":\"en-US\"},{\"@type\":\"WebPage\",\"@id\":\"https:\\\/\\\/katsf.es\\\/en\\\/interview-with-remi-a-nygard-inculter-nor\\\/\",\"url\":\"https:\\\/\\\/katsf.es\\\/en\\\/interview-with-remi-a-nygard-inculter-nor\\\/\",\"name\":\"INTERVIEW WITH REMI A. NYG\u00c5RD, INCULTER (NOR) - VAL\u00c8NCIA&#039;N&#039;METAL por Kat SF\",\"isPartOf\":{\"@id\":\"https:\\\/\\\/katsf.es\\\/en\\\/#website\"},\"primaryImageOfPage\":{\"@id\":\"https:\\\/\\\/katsf.es\\\/en\\\/interview-with-remi-a-nygard-inculter-nor\\\/#primaryimage\"},\"image\":{\"@id\":\"https:\\\/\\\/katsf.es\\\/en\\\/interview-with-remi-a-nygard-inculter-nor\\\/#primaryimage\"},\"thumbnailUrl\":\"https:\\\/\\\/katsf.es\\\/wp-content\\\/uploads\\\/2025\\\/06\\\/logo.jpg\",\"datePublished\":\"2025-06-22T12:43:37+00:00\",\"dateModified\":\"2025-06-22T12:56:57+00:00\",\"author\":{\"@id\":\"https:\\\/\\\/katsf.es\\\/en\\\/#\\\/schema\\\/person\\\/ae87ba84066f0d2230e0d5cbf3d3600d\"},\"description\":\"Kat S.F. interviews lead guitarist and vocalist Remi Andr\u00e8 Nyg\u00e5rd from the Norwegian band Inculter.\",\"breadcrumb\":{\"@id\":\"https:\\\/\\\/katsf.es\\\/en\\\/interview-with-remi-a-nygard-inculter-nor\\\/#breadcrumb\"},\"inLanguage\":\"en-US\",\"potentialAction\":[{\"@type\":\"ReadAction\",\"target\":[\"https:\\\/\\\/katsf.es\\\/en\\\/interview-with-remi-a-nygard-inculter-nor\\\/\"]}]},{\"@type\":\"ImageObject\",\"inLanguage\":\"en-US\",\"@id\":\"https:\\\/\\\/katsf.es\\\/en\\\/interview-with-remi-a-nygard-inculter-nor\\\/#primaryimage\",\"url\":\"https:\\\/\\\/katsf.es\\\/wp-content\\\/uploads\\\/2025\\\/06\\\/logo.jpg\",\"contentUrl\":\"https:\\\/\\\/katsf.es\\\/wp-content\\\/uploads\\\/2025\\\/06\\\/logo.jpg\",\"width\":952,\"height\":480},{\"@type\":\"BreadcrumbList\",\"@id\":\"https:\\\/\\\/katsf.es\\\/en\\\/interview-with-remi-a-nygard-inculter-nor\\\/#breadcrumb\",\"itemListElement\":[{\"@type\":\"ListItem\",\"position\":1,\"name\":\"Portada\",\"item\":\"https:\\\/\\\/katsf.es\\\/en\\\/\"},{\"@type\":\"ListItem\",\"position\":2,\"name\":\"INTERVIEW WITH REMI A. NYG\u00c5RD, INCULTER (NOR)\"}]},{\"@type\":\"WebSite\",\"@id\":\"https:\\\/\\\/katsf.es\\\/en\\\/#website\",\"url\":\"https:\\\/\\\/katsf.es\\\/en\\\/\",\"name\":\"VAL\u00c8NCIA&#039;N&#039;METAL por Kat SF\",\"description\":\"entrevistas l\u00edderes y profesionales del campo musical\",\"potentialAction\":[{\"@type\":\"SearchAction\",\"target\":{\"@type\":\"EntryPoint\",\"urlTemplate\":\"https:\\\/\\\/katsf.es\\\/en\\\/?s={search_term_string}\"},\"query-input\":{\"@type\":\"PropertyValueSpecification\",\"valueRequired\":true,\"valueName\":\"search_term_string\"}}],\"inLanguage\":\"en-US\"},{\"@type\":\"Person\",\"@id\":\"https:\\\/\\\/katsf.es\\\/en\\\/#\\\/schema\\\/person\\\/ae87ba84066f0d2230e0d5cbf3d3600d\",\"name\":\"Kat SF\",\"image\":{\"@type\":\"ImageObject\",\"inLanguage\":\"en-US\",\"@id\":\"https:\\\/\\\/secure.gravatar.com\\\/avatar\\\/1c9ffa80d9da8dfa7be1bd38f3a50e6db4e4c328bd5c984ac5a4c2d3486a11c2?s=96&d=mm&r=g\",\"url\":\"https:\\\/\\\/secure.gravatar.com\\\/avatar\\\/1c9ffa80d9da8dfa7be1bd38f3a50e6db4e4c328bd5c984ac5a4c2d3486a11c2?s=96&d=mm&r=g\",\"contentUrl\":\"https:\\\/\\\/secure.gravatar.com\\\/avatar\\\/1c9ffa80d9da8dfa7be1bd38f3a50e6db4e4c328bd5c984ac5a4c2d3486a11c2?s=96&d=mm&r=g\",\"caption\":\"Kat SF\"},\"url\":\"https:\\\/\\\/katsf.es\\\/en\\\/author\\\/kath-es-fusgmail-com\\\/\"}]}<\/script>\n<!-- \/ Yoast SEO plugin. -->","yoast_head_json":{"title":"INTERVIEW WITH REMI A. NYG\u00c5RD, INCULTER (NOR) - VAL\u00c8NCIA&#039;N&#039;METAL por Kat SF","description":"Kat S.F. interviews lead guitarist and vocalist Remi Andr\u00e8 Nyg\u00e5rd from the Norwegian band Inculter.","robots":{"index":"index","follow":"follow","max-snippet":"max-snippet:-1","max-image-preview":"max-image-preview:large","max-video-preview":"max-video-preview:-1"},"canonical":"https:\/\/katsf.es\/en\/interview-with-remi-a-nygard-inculter-nor\/","og_locale":"en_US","og_type":"article","og_title":"INTERVIEW WITH REMI A. NYG\u00c5RD, INCULTER (NOR) - VAL\u00c8NCIA&#039;N&#039;METAL por Kat SF","og_description":"Kat S.F. interviews lead guitarist and vocalist Remi Andr\u00e8 Nyg\u00e5rd from the Norwegian band Inculter.","og_url":"https:\/\/katsf.es\/en\/interview-with-remi-a-nygard-inculter-nor\/","og_site_name":"VAL\u00c8NCIA&#039;N&#039;METAL por Kat SF","article_published_time":"2025-06-22T12:43:37+00:00","article_modified_time":"2025-06-22T12:56:57+00:00","og_image":[{"width":952,"height":480,"url":"https:\/\/katsf.es\/wp-content\/uploads\/2025\/06\/logo.jpg","type":"image\/jpeg"}],"author":"Kat SF","twitter_card":"summary_large_image","twitter_misc":{"Written by":"Kat SF","Est. reading time":"8 minutes"},"schema":{"@context":"https:\/\/schema.org","@graph":[{"@type":"Article","@id":"https:\/\/katsf.es\/en\/interview-with-remi-a-nygard-inculter-nor\/#article","isPartOf":{"@id":"https:\/\/katsf.es\/en\/interview-with-remi-a-nygard-inculter-nor\/"},"author":{"name":"Kat SF","@id":"https:\/\/katsf.es\/en\/#\/schema\/person\/ae87ba84066f0d2230e0d5cbf3d3600d"},"headline":"INTERVIEW WITH REMI A. NYG\u00c5RD, INCULTER (NOR)","datePublished":"2025-06-22T12:43:37+00:00","dateModified":"2025-06-22T12:56:57+00:00","mainEntityOfPage":{"@id":"https:\/\/katsf.es\/en\/interview-with-remi-a-nygard-inculter-nor\/"},"wordCount":1559,"image":{"@id":"https:\/\/katsf.es\/en\/interview-with-remi-a-nygard-inculter-nor\/#primaryimage"},"thumbnailUrl":"https:\/\/katsf.es\/wp-content\/uploads\/2025\/06\/logo.jpg","keywords":["2025","black","blackened thrash","exclusive","inculter","interview","kat sf","morbid origin","new bands","nordic noir","Norway","Remi Andr\u00e8 Nyg\u00e5rd","the norwegian secene","thrash","true north"],"articleSection":["Written Interviews"],"inLanguage":"en-US"},{"@type":"WebPage","@id":"https:\/\/katsf.es\/en\/interview-with-remi-a-nygard-inculter-nor\/","url":"https:\/\/katsf.es\/en\/interview-with-remi-a-nygard-inculter-nor\/","name":"INTERVIEW WITH REMI A. NYG\u00c5RD, INCULTER (NOR) - VAL\u00c8NCIA&#039;N&#039;METAL por Kat SF","isPartOf":{"@id":"https:\/\/katsf.es\/en\/#website"},"primaryImageOfPage":{"@id":"https:\/\/katsf.es\/en\/interview-with-remi-a-nygard-inculter-nor\/#primaryimage"},"image":{"@id":"https:\/\/katsf.es\/en\/interview-with-remi-a-nygard-inculter-nor\/#primaryimage"},"thumbnailUrl":"https:\/\/katsf.es\/wp-content\/uploads\/2025\/06\/logo.jpg","datePublished":"2025-06-22T12:43:37+00:00","dateModified":"2025-06-22T12:56:57+00:00","author":{"@id":"https:\/\/katsf.es\/en\/#\/schema\/person\/ae87ba84066f0d2230e0d5cbf3d3600d"},"description":"Kat S.F. interviews lead guitarist and vocalist Remi Andr\u00e8 Nyg\u00e5rd from the Norwegian band Inculter.","breadcrumb":{"@id":"https:\/\/katsf.es\/en\/interview-with-remi-a-nygard-inculter-nor\/#breadcrumb"},"inLanguage":"en-US","potentialAction":[{"@type":"ReadAction","target":["https:\/\/katsf.es\/en\/interview-with-remi-a-nygard-inculter-nor\/"]}]},{"@type":"ImageObject","inLanguage":"en-US","@id":"https:\/\/katsf.es\/en\/interview-with-remi-a-nygard-inculter-nor\/#primaryimage","url":"https:\/\/katsf.es\/wp-content\/uploads\/2025\/06\/logo.jpg","contentUrl":"https:\/\/katsf.es\/wp-content\/uploads\/2025\/06\/logo.jpg","width":952,"height":480},{"@type":"BreadcrumbList","@id":"https:\/\/katsf.es\/en\/interview-with-remi-a-nygard-inculter-nor\/#breadcrumb","itemListElement":[{"@type":"ListItem","position":1,"name":"Portada","item":"https:\/\/katsf.es\/en\/"},{"@type":"ListItem","position":2,"name":"INTERVIEW WITH REMI A. NYG\u00c5RD, INCULTER (NOR)"}]},{"@type":"WebSite","@id":"https:\/\/katsf.es\/en\/#website","url":"https:\/\/katsf.es\/en\/","name":"VAL\u00c8NCIA&#039;N&#039;METAL por Kat SF","description":"entrevistas l\u00edderes y profesionales del campo musical","potentialAction":[{"@type":"SearchAction","target":{"@type":"EntryPoint","urlTemplate":"https:\/\/katsf.es\/en\/?s={search_term_string}"},"query-input":{"@type":"PropertyValueSpecification","valueRequired":true,"valueName":"search_term_string"}}],"inLanguage":"en-US"},{"@type":"Person","@id":"https:\/\/katsf.es\/en\/#\/schema\/person\/ae87ba84066f0d2230e0d5cbf3d3600d","name":"Kat SF","image":{"@type":"ImageObject","inLanguage":"en-US","@id":"https:\/\/secure.gravatar.com\/avatar\/1c9ffa80d9da8dfa7be1bd38f3a50e6db4e4c328bd5c984ac5a4c2d3486a11c2?s=96&d=mm&r=g","url":"https:\/\/secure.gravatar.com\/avatar\/1c9ffa80d9da8dfa7be1bd38f3a50e6db4e4c328bd5c984ac5a4c2d3486a11c2?s=96&d=mm&r=g","contentUrl":"https:\/\/secure.gravatar.com\/avatar\/1c9ffa80d9da8dfa7be1bd38f3a50e6db4e4c328bd5c984ac5a4c2d3486a11c2?s=96&d=mm&r=g","caption":"Kat SF"},"url":"https:\/\/katsf.es\/en\/author\/kath-es-fusgmail-com\/"}]}},"_links":{"self":[{"href":"https:\/\/katsf.es\/en\/wp-json\/wp\/v2\/posts\/4331","targetHints":{"allow":["GET"]}}],"collection":[{"href":"https:\/\/katsf.es\/en\/wp-json\/wp\/v2\/posts"}],"about":[{"href":"https:\/\/katsf.es\/en\/wp-json\/wp\/v2\/types\/post"}],"author":[{"embeddable":true,"href":"https:\/\/katsf.es\/en\/wp-json\/wp\/v2\/users\/2"}],"replies":[{"embeddable":true,"href":"https:\/\/katsf.es\/en\/wp-json\/wp\/v2\/comments?post=4331"}],"version-history":[{"count":4,"href":"https:\/\/katsf.es\/en\/wp-json\/wp\/v2\/posts\/4331\/revisions"}],"predecessor-version":[{"id":4341,"href":"https:\/\/katsf.es\/en\/wp-json\/wp\/v2\/posts\/4331\/revisions\/4341"}],"wp:featuredmedia":[{"embeddable":true,"href":"https:\/\/katsf.es\/en\/wp-json\/wp\/v2\/media\/4326"}],"wp:attachment":[{"href":"https:\/\/katsf.es\/en\/wp-json\/wp\/v2\/media?parent=4331"}],"wp:term":[{"taxonomy":"category","embeddable":true,"href":"https:\/\/katsf.es\/en\/wp-json\/wp\/v2\/categories?post=4331"},{"taxonomy":"post_tag","embeddable":true,"href":"https:\/\/katsf.es\/en\/wp-json\/wp\/v2\/tags?post=4331"}],"curies":[{"name":"wp","href":"https:\/\/api.w.org\/{rel}","templated":true}]}}